{"id":7882,"date":"2017-12-05T15:38:06","date_gmt":"2017-12-05T14:38:06","guid":{"rendered":"http:\/\/www.waldviertel-rallye.at\/cms\/?p=7882"},"modified":"2017-12-05T15:38:06","modified_gmt":"2017-12-05T14:38:06","slug":"helmut-schoepf-ganz-persoenlich-orf-noe-vom-4-november-2017","status":"publish","type":"post","link":"http:\/\/www.waldviertel-rallye.at\/cms\/helmut-schoepf-ganz-persoenlich-orf-noe-vom-4-november-2017\/","title":{"rendered":"Helmut Sch\u00f6pf &#8222;ganz pers\u00f6nlich&#8220; ORF N\u00d6 vom 4. November 2017"},"content":{"rendered":"<div style=\"width: 640px;\" class=\"wp-video\"><!--[if lt IE 9]><script>document.createElement('video');<\/script><![endif]-->\n<video class=\"wp-video-shortcode\" id=\"video-7882-1\" width=\"640\" height=\"360\" preload=\"metadata\" controls=\"controls\"><source type=\"video\/mp4\" src=\"http:\/\/www.waldviertel-rallye.at\/video\/ganzpersoenlich.mp4?_=1\" \/><a href=\"http:\/\/www.waldviertel-rallye.at\/video\/ganzpersoenlich.mp4\">http:\/\/www.waldviertel-rallye.at\/video\/ganzpersoenlich.mp4<\/a><\/video><\/div>\n","protected":false},"excerpt":{"rendered":"","protected":false},"author":1,"featured_media":7883,"comment_status":"closed","ping_status":"closed","sticky":false,"template":"","format":"standard","meta":{"ngg_post_thumbnail":0,"footnotes":""},"categories":[1],"tags":[],"_links":{"self":[{"href":"http:\/\/www.waldviertel-rallye.at\/cms\/wp-json\/wp\/v2\/posts\/7882"}],"collection":[{"href":"http:\/\/www.waldviertel-rallye.at\/cms\/wp-json\/wp\/v2\/posts"}],"about":[{"href":"http:\/\/www.waldviertel-rallye.at\/cms\/wp-json\/wp\/v2\/types\/post"}],"author":[{"embeddable":true,"href":"http:\/\/www.waldviertel-rallye.at\/cms\/wp-json\/wp\/v2\/users\/1"}],"replies":[{"embeddable":true,"href":"http:\/\/www.waldviertel-rallye.at\/cms\/wp-json\/wp\/v2\/comments?post=7882"}],"version-history":[{"count":1,"href":"http:\/\/www.waldviertel-rallye.at\/cms\/wp-json\/wp\/v2\/posts\/7882\/revisions"}],"predecessor-version":[{"id":7884,"href":"http:\/\/www.waldviertel-rallye.at\/cms\/wp-json\/wp\/v2\/posts\/7882\/revisions\/7884"}],"wp:featuredmedia":[{"embeddable":true,"href":"http:\/\/www.waldviertel-rallye.at\/cms\/wp-json\/wp\/v2\/media\/7883"}],"wp:attachment":[{"href":"http:\/\/www.waldviertel-rallye.at\/cms\/wp-json\/wp\/v2\/media?parent=7882"}],"wp:term":[{"taxonomy":"category","embeddable":true,"href":"http:\/\/www.waldviertel-rallye.at\/cms\/wp-json\/wp\/v2\/categories?post=7882"},{"taxonomy":"post_tag","embeddable":true,"href":"http:\/\/www.waldviertel-rallye.at\/cms\/wp-json\/wp\/v2\/tags?post=7882"}],"curies":[{"name":"wp","href":"https:\/\/api.w.org\/{rel}","templated":true}]}}