{"id":7815,"date":"2017-11-10T16:30:59","date_gmt":"2017-11-10T15:30:59","guid":{"rendered":"http:\/\/www.waldviertel-rallye.at\/cms\/?p=7815"},"modified":"2017-11-19T08:34:05","modified_gmt":"2017-11-19T07:34:05","slug":"das-titeltrio-liegt-knapp-beeinander","status":"publish","type":"post","link":"http:\/\/www.waldviertel-rallye.at\/cms\/das-titeltrio-liegt-knapp-beeinander\/","title":{"rendered":"Das Titeltrio liegt knapp beeinander"},"content":{"rendered":"<p><strong>Nach erst zwei absolvierten Pr\u00fcfungen ist die Rallye Waldviertel erwartungsgem\u00e4\u00df ausglichen \/ Die drei Meisterkandidaten sind nur um Sekundenbruchteile getrennt<\/strong><\/p>\n<p>&nbsp;<\/p>\n<p>Die <strong>37. Rallye Waldviertel<\/strong> ist er\u00f6ffnet. Um Punkt 15 Uhr rollte der regierende Staatsmeister <strong>Hermann Neubauer<\/strong> mit Startnummer 1 auf seinem Ford Fiesta WRC von der Startrampe im <strong>EKZ Horn<\/strong> ins hei\u00df umk\u00e4mpfte Finale der diesj\u00e4hrigen Staatsmeisterschaft.<\/p>\n<p>Die erste Bestzeit freilich knallte <strong>Niki Mayr-Melnhof <\/strong>in den Schotter. Der Steirer im Citroen DS3 WRC gewann die SP1 in Altenburg vor Neubauer. <strong>Raimund Baumschlager <\/strong>holte nur Platz drei, korrigierte sich aber umgehend und jagte seinen VW Polo WRC am schnellsten durch die SP 2 Leitnerschlag. Zwischen den drei Titelkandidaten liegen nur Sekundenbruchteile. Nach zwei Sonderpr\u00fcfungen f\u00fchrt Neubauer vor Baumschlager und Mayr-Melnhof. F\u00fcr den F\u00fchrenden in der <strong>N\u00d6 Rallye Trophy, Gerald Rigler<\/strong>, setzte es schon einen fr\u00fchen D\u00e4mpfer. Der Ober\u00f6sterreicher musste seinen Ford Fiesta R5 nach einem Ausritt auf SP2 abstellen. Ob er morgen wieder an den Start gehen kann, ist noch offen.<\/p>\n<p>In der <strong>2WD-Wertung<\/strong>, wo die Titelentscheidung ebenfalls noch offen ist, legen <strong>Michael Kogler <\/strong>(Citroen) und <strong>Julian Wagner<\/strong> (Opel Adam) ein m\u00e4chtiges Tempo vor. <strong>Daniel Wollinger<\/strong> (Renault Clio) hat da momentan noch M\u00fche mitzuhalten.<\/p>\n<p><strong>Heute<\/strong> stehen <strong>noch drei Pr\u00fcfungen<\/strong> auf dem Programm, morgen folgen weitere neun Wertungsabschnitte.<\/p>\n<p><strong>Weitere<\/strong> <strong>Infos zur Rallye Waldviertel<\/strong> unter <a href=\"http:\/\/www.waldviertel-rallye.at\">www.waldviertel-rallye.at<\/a><\/p>\n<p>&nbsp;<\/p>\n<p><strong>Rallye Waldviertel 2017, Zwischenstand nach 2 von 14 Sonderpr\u00fcfungen:<\/strong><\/p>\n<ol>\n<li>Hermann Neubauer\/Bernhard Ettel A\/A Ford Fiesta WRC&nbsp;&nbsp;&nbsp;&nbsp;&nbsp;&nbsp;&nbsp;&nbsp;&nbsp;&nbsp;&nbsp; 11:31,8 Min<br \/>\n2. Raimund Baumschlager\/P. Winklhofer&nbsp;&nbsp;&nbsp;&nbsp;&nbsp;&nbsp;&nbsp;&nbsp;&nbsp;&nbsp;&nbsp; A\/A&nbsp;&nbsp;&nbsp;&nbsp;&nbsp;&nbsp;&nbsp;&nbsp;&nbsp;&nbsp;&nbsp; VW Polo WRC&nbsp;&nbsp;&nbsp;&nbsp;&nbsp;&nbsp;&nbsp;&nbsp;&nbsp;&nbsp;&nbsp; &nbsp;&nbsp;&nbsp;&nbsp; +1,8 Sek<br \/>\n3. Niki Mayr-Melnhof\/Leop. Welsersheimb&nbsp;&nbsp;&nbsp;&nbsp;&nbsp;&nbsp;&nbsp;&nbsp;&nbsp;&nbsp;&nbsp; A\/A&nbsp;&nbsp;&nbsp;&nbsp;&nbsp;&nbsp;&nbsp;&nbsp;&nbsp;&nbsp;&nbsp; Citroen DS3 WRC&nbsp;&nbsp; &nbsp;&nbsp;&nbsp;&nbsp;&nbsp;&nbsp;&nbsp;&nbsp;&nbsp;&nbsp;&nbsp; &nbsp;&nbsp;&nbsp;&nbsp;&nbsp;+3,2 Sek<br \/>\n4. Jaroslav Orsak\/David Smeidler&nbsp;&nbsp;&nbsp;&nbsp;&nbsp;&nbsp;&nbsp;&nbsp;&nbsp;&nbsp;&nbsp; &nbsp;&nbsp;&nbsp;&nbsp;&nbsp;&nbsp;&nbsp;&nbsp;&nbsp;&nbsp;&nbsp; CZ\/CZ&nbsp;&nbsp;&nbsp;&nbsp;&nbsp;&nbsp;&nbsp;&nbsp;&nbsp;&nbsp;&nbsp; Ford Fiesta R5 &nbsp;&nbsp;&nbsp;&nbsp;&nbsp;&nbsp;&nbsp;&nbsp;&nbsp;&nbsp;&nbsp; &nbsp;+18,7 Sek<br \/>\n5. Christian Schuberth-Mrlik\/Ilka Minor&nbsp;&nbsp;&nbsp;&nbsp;&nbsp;&nbsp;&nbsp;&nbsp;&nbsp;&nbsp;&nbsp; A\/A&nbsp;&nbsp;&nbsp;&nbsp;&nbsp;&nbsp;&nbsp;&nbsp;&nbsp;&nbsp;&nbsp; Skoda Fabia R5&nbsp;&nbsp;&nbsp;&nbsp;&nbsp;&nbsp;&nbsp;&nbsp;&nbsp;&nbsp;&nbsp; &nbsp;&nbsp; +20,8 Sek<br \/>\n6. David Botka\/Mark Mesterhazi&nbsp;&nbsp;&nbsp;&nbsp;&nbsp;&nbsp;&nbsp;&nbsp;&nbsp;&nbsp;&nbsp; &nbsp;&nbsp;&nbsp;&nbsp;&nbsp;&nbsp;&nbsp;&nbsp;&nbsp;&nbsp;&nbsp; H\/H&nbsp;&nbsp;&nbsp;&nbsp;&nbsp;&nbsp;&nbsp;&nbsp;&nbsp;&nbsp;&nbsp; Skoda Fabia R5 &nbsp;&nbsp;&nbsp;&nbsp;&nbsp;&nbsp;&nbsp;&nbsp;&nbsp;&nbsp;&nbsp; &nbsp;&nbsp;&nbsp;+23,0 Sek<br \/>\n7. Joszef Trencseny\/Gabor Verba&nbsp;&nbsp;&nbsp;&nbsp;&nbsp;&nbsp;&nbsp;&nbsp;&nbsp;&nbsp;&nbsp; &nbsp;&nbsp;&nbsp;&nbsp;&nbsp;&nbsp;&nbsp;&nbsp;&nbsp;&nbsp;&nbsp; H\/H&nbsp;&nbsp;&nbsp;&nbsp;&nbsp;&nbsp;&nbsp;&nbsp;&nbsp;&nbsp;&nbsp; Skoda Fabia R5&nbsp;&nbsp;&nbsp;&nbsp;&nbsp;&nbsp;&nbsp;&nbsp;&nbsp;&nbsp;&nbsp; &nbsp;&nbsp; +39,4 Sek<br \/>\n8. Attila Rongits\/Laszlo Hannus&nbsp;&nbsp;&nbsp;&nbsp;&nbsp;&nbsp;&nbsp;&nbsp;&nbsp;&nbsp;&nbsp; &nbsp;&nbsp;&nbsp;&nbsp;&nbsp;&nbsp;&nbsp;&nbsp;&nbsp;&nbsp;&nbsp; H\/H&nbsp;&nbsp;&nbsp;&nbsp;&nbsp;&nbsp;&nbsp;&nbsp;&nbsp;&nbsp;&nbsp; Mitsubishi Evo IX&nbsp;&nbsp;&nbsp;&nbsp;&nbsp;&nbsp;&nbsp;&nbsp;&nbsp;&nbsp;&nbsp; &nbsp;&nbsp; +43,1 Sek<br \/>\n9. Lielkajis Guntis\/Grosus Ivars&nbsp;&nbsp;&nbsp;&nbsp;&nbsp;&nbsp;&nbsp;&nbsp;&nbsp;&nbsp;&nbsp; &nbsp;&nbsp;&nbsp;&nbsp;&nbsp;&nbsp;&nbsp;&nbsp;&nbsp;&nbsp;&nbsp; LV\/LV&nbsp;&nbsp;&nbsp;&nbsp;&nbsp;&nbsp;&nbsp;&nbsp;&nbsp;&nbsp;&nbsp; Mitsubishi Evo IX &nbsp;&nbsp;&nbsp;&nbsp;&nbsp;&nbsp;&nbsp;&nbsp;&nbsp;&nbsp;&nbsp; +1:03,3 Min<br \/>\n10. Sebastian Kletzmayr\/Martin Tomasini&nbsp;&nbsp;&nbsp;&nbsp;&nbsp;&nbsp;&nbsp;&nbsp;&nbsp;&nbsp;&nbsp; A\/A&nbsp;&nbsp;&nbsp;&nbsp;&nbsp;&nbsp;&nbsp;&nbsp;&nbsp;&nbsp;&nbsp; Mitsubishi Evo VII&nbsp;&nbsp;&nbsp;&nbsp;&nbsp;&nbsp;&nbsp;&nbsp;&nbsp;&nbsp;&nbsp; +1:08,2 Min<br \/>\n11. Michael Kogler\/Andre Kachel&nbsp;&nbsp;&nbsp;&nbsp;&nbsp;&nbsp;&nbsp;&nbsp;&nbsp;&nbsp;&nbsp; &nbsp;&nbsp;&nbsp;&nbsp;&nbsp;&nbsp;&nbsp;&nbsp;&nbsp;&nbsp;&nbsp; A\/D&nbsp;&nbsp;&nbsp;&nbsp;&nbsp;&nbsp;&nbsp;&nbsp;&nbsp;&nbsp;&nbsp; Citroen C3 R3&nbsp;&nbsp;&nbsp;&nbsp;&nbsp;&nbsp;&nbsp;&nbsp;&nbsp;&nbsp;&nbsp; &nbsp;&nbsp;&nbsp;&nbsp;&nbsp;&nbsp;&nbsp;&nbsp;&nbsp;&nbsp;&nbsp; +1:21,4 Min<br \/>\n13. Julian Wagner\/A. Katharina Stein&nbsp;&nbsp;&nbsp;&nbsp;&nbsp;&nbsp;&nbsp;&nbsp;&nbsp;&nbsp;&nbsp; A\/A&nbsp;&nbsp;&nbsp;&nbsp;&nbsp;&nbsp;&nbsp;&nbsp;&nbsp;&nbsp;&nbsp; Opel Adam R2&nbsp;&nbsp;&nbsp;&nbsp;&nbsp;&nbsp;&nbsp;&nbsp;&nbsp;&nbsp;&nbsp; +1:24,6 Min<br \/>\n24. Daniel Wollinger\/Kerstin Heiss&nbsp;&nbsp;&nbsp;&nbsp;&nbsp;&nbsp;&nbsp;&nbsp;&nbsp;&nbsp;&nbsp; &nbsp;&nbsp;&nbsp;&nbsp;&nbsp;&nbsp;&nbsp;&nbsp;&nbsp;&nbsp;&nbsp; A\/D&nbsp;&nbsp;&nbsp;&nbsp;&nbsp;&nbsp;&nbsp;&nbsp;&nbsp;&nbsp;&nbsp; Renault Clio&nbsp;&nbsp;&nbsp;&nbsp;&nbsp;&nbsp;&nbsp;&nbsp;&nbsp;&nbsp;&nbsp; &nbsp;&nbsp;&nbsp;&nbsp;&nbsp;&nbsp;&nbsp;&nbsp;&nbsp;&nbsp;&nbsp; +1:59,0 Min<\/li>\n<\/ol>\n<p>&nbsp;<\/p>\n","protected":false},"excerpt":{"rendered":"<p>Nach erst zwei absolvierten Pr\u00fcfungen ist die Rallye Waldviertel erwartungsgem\u00e4\u00df ausglichen \/ Die drei Meisterkandidaten sind nur um Sekundenbruchteile getrennt &nbsp; Die 37. Rallye Waldviertel ist er\u00f6ffnet. Um Punkt 15 Uhr rollte der regierende Staatsmeister Hermann Neubauer mit Startnummer 1 auf seinem Ford Fiesta WRC von der Startrampe im EKZ Horn ins hei\u00df umk\u00e4mpfte Finale [&hellip;]<\/p>\n","protected":false},"author":1,"featured_media":7755,"comment_status":"closed","ping_status":"closed","sticky":false,"template":"","format":"standard","meta":{"ngg_post_thumbnail":0,"footnotes":""},"categories":[1],"tags":[],"_links":{"self":[{"href":"http:\/\/www.waldviertel-rallye.at\/cms\/wp-json\/wp\/v2\/posts\/7815"}],"collection":[{"href":"http:\/\/www.waldviertel-rallye.at\/cms\/wp-json\/wp\/v2\/posts"}],"about":[{"href":"http:\/\/www.waldviertel-rallye.at\/cms\/wp-json\/wp\/v2\/types\/post"}],"author":[{"embeddable":true,"href":"http:\/\/www.waldviertel-rallye.at\/cms\/wp-json\/wp\/v2\/users\/1"}],"replies":[{"embeddable":true,"href":"http:\/\/www.waldviertel-rallye.at\/cms\/wp-json\/wp\/v2\/comments?post=7815"}],"version-history":[{"count":1,"href":"http:\/\/www.waldviertel-rallye.at\/cms\/wp-json\/wp\/v2\/posts\/7815\/revisions"}],"predecessor-version":[{"id":7816,"href":"http:\/\/www.waldviertel-rallye.at\/cms\/wp-json\/wp\/v2\/posts\/7815\/revisions\/7816"}],"wp:featuredmedia":[{"embeddable":true,"href":"http:\/\/www.waldviertel-rallye.at\/cms\/wp-json\/wp\/v2\/media\/7755"}],"wp:attachment":[{"href":"http:\/\/www.waldviertel-rallye.at\/cms\/wp-json\/wp\/v2\/media?parent=7815"}],"wp:term":[{"taxonomy":"category","embeddable":true,"href":"http:\/\/www.waldviertel-rallye.at\/cms\/wp-json\/wp\/v2\/categories?post=7815"},{"taxonomy":"post_tag","embeddable":true,"href":"http:\/\/www.waldviertel-rallye.at\/cms\/wp-json\/wp\/v2\/tags?post=7815"}],"curies":[{"name":"wp","href":"https:\/\/api.w.org\/{rel}","templated":true}]}}