{"id":7754,"date":"2017-10-31T09:26:36","date_gmt":"2017-10-31T08:26:36","guid":{"rendered":"http:\/\/www.waldviertel-rallye.at\/cms\/?p=7754"},"modified":"2017-10-31T09:31:49","modified_gmt":"2017-10-31T08:31:49","slug":"horn-begruesst-63-teams-bei-der-37-rallye-waldviertel","status":"publish","type":"post","link":"http:\/\/www.waldviertel-rallye.at\/cms\/horn-begruesst-63-teams-bei-der-37-rallye-waldviertel\/","title":{"rendered":"Horn begr\u00fc\u00dft 63 Teams bei der 37. Rallye Waldviertel"},"content":{"rendered":"<h3>43 heimische Piloten stehen heuer 20 ausl\u00e4ndischen Mannschaften gegen\u00fcber<\/h3>\n<h3><a href=\"http:\/\/www.waldviertel-rallye.at\/cms\/wp-content\/uploads\/2017\/10\/Nennliste-W4R-2017-1.pdf\" class=\"mtli_attachment mtli_pdf\">&gt;&gt; Nennliste-W4R-2017<\/a><\/h3>\n<p><strong>Nieder\u00f6sterreich stellt 22 Starter, Ober\u00f6sterreich 11 Aktive und Steiermark 6 <\/strong><\/p>\n<p>So wurden f\u00fcr die <strong>Topklassen (1 und 2)<\/strong> international und national, insgesamt<strong> 21 Autos <\/strong>f\u00fcr die Teilnahme genannt, wobei sich unter anderem <strong>drei Teams mit WRC<\/strong> Fahrzeugen und <strong>neun Teams mit R5<\/strong> Boliden gegen\u00fcber stehen. Darunter befinden sich <strong>6 Piloten<\/strong> <strong>mit dem Status als nationale Priorit\u00e4tsfahrer<\/strong>.<\/p>\n<p>Bei den<strong> Zweirad <\/strong>angetriebenen<strong> Boliden (Klassen 3 und 4) <\/strong>sind auf der Nennliste<strong> 19 Fahrzeuge<\/strong> eingetragen.<\/p>\n<p><strong>&nbsp;<\/strong>In der <strong>Junioren Staatsmeisterschaft der ORM 2017 <\/strong>haben <strong>sieben Teams <\/strong>ihre Nennung abgegeben.<\/p>\n<p>Bei der <strong>Historischen Rallye Staatsmeisterschaft<\/strong> <strong>HRM (Klassen 6.1- 6.3)<\/strong> und im <strong>Historic Rallye Cup HRC (Klassen 6.4 \u2013 6.6 ) <\/strong>findet man <strong>insgesamt 8 Starter.<\/strong><\/p>\n<p>In den <strong>Opel Rallye Cups 2017<\/strong> gehen in den beiden Wertungsklassen insgesamt <strong>neun Teams<\/strong> an den Start.<\/p>\n<p>&nbsp;<\/p>\n<p>Der<strong> \u00d6sterreichische Rallye Cup (ORC) <\/strong>besteht aus der <strong>Klasse 7<\/strong> und ist in<strong> 2 Divisionen<\/strong> unterteilt<strong>. <\/strong>In der<strong> Div. 7.1<\/strong> sind<strong> dreizehn Autos <\/strong>genannt<strong>, <\/strong>in der<strong> Div. 7.2<\/strong> wird<strong> ein Fahrzeug <\/strong>starten<strong>. <\/strong>In der<strong> ORC Wertung 1 &amp; 2 <\/strong>sind auch <strong> M1<\/strong> <strong>Serienfahrzeuge<\/strong> <strong>des<\/strong> <strong>Rallye Masters <\/strong>ber\u00fccksichtigt, f\u00fcr <strong>das<\/strong> <strong>ein<\/strong> <strong>Fahrzeug <\/strong>die Nennung abgegeben hat<\/p>\n<p>&nbsp;<\/p>\n<p><strong>Markenstatistik:<\/strong> <strong>12<\/strong> <strong>Opel<\/strong>, <strong>11<\/strong> <strong>Mitsubishi,<\/strong> <strong>9<\/strong> <strong>Ford, <\/strong> <strong>6<\/strong> <strong>Subaru,<\/strong> <strong>5 Skoda<\/strong>, <strong>je 4 Autos<\/strong> von <strong>Citroen<\/strong>, und <strong>Peugeot<\/strong>, <strong>je 2 Autos<\/strong> von <strong>Mazda<\/strong> und <strong>Volvo<\/strong>, w\u00e4hrend die Marken <strong>Renault, Suzuki, Nissan, Mercedes, Toyota, Lada<\/strong> und <strong>Audi<\/strong> <strong>je einmal<\/strong> in der Nennliste vertreten sind.&nbsp;&nbsp;<\/p>\n<p>&nbsp;&nbsp;&nbsp;&nbsp;&nbsp;&nbsp;&nbsp;&nbsp;&nbsp;&nbsp;&nbsp;<br \/>\n<strong>Sieben <\/strong>verschiedene<strong> Nationen <\/strong>gehen<strong> in Horn <\/strong>an den<strong> Start: 8 Teams<\/strong> aus <strong>Ungarn, 5 Teams<\/strong> aus<strong> Deutschland, 3 Teams aus Tschechien, 2 Teams<\/strong> aus<strong> Italien <\/strong>und <strong>je eine Mannschaft <\/strong>aus<strong> Lettland <\/strong>und <strong>China. \u00d6sterreich <\/strong>stellt <strong>43 Mannschaften, <\/strong>hier hat <strong>Nieder\u00f6sterreich mit 22 Startern <\/strong>den <strong>h\u00f6chsten Anteil, <\/strong>dann folgt<strong> Ober\u00f6sterreich <\/strong>mit<strong> 11 Teams, <\/strong>weiters<strong> die Steiermark <\/strong>mit<strong> 6 Teams, <\/strong>dann <strong>Salzburg mit 2 Mannschaften <\/strong>gefolgt von<strong> Tirol <\/strong>und <strong>Vorarlberg <\/strong>mit<strong> je einer Mannschaft.<\/strong><\/p>\n<p><strong>&nbsp;<\/strong><\/p>\n<h3>Titeljagd 2017 = Nervensache hoch zwei!<\/h3>\n<table>\n<tbody>\n<tr>\n<td>\n<h3>ORM<\/h3>\n<p>Alle Blicke sind in der Entscheidung um den Meistertitel 2017 auf das Trio <strong>Hermann Neubauer, Raimund Baumschlager<\/strong> und <strong>Niki Mayr-Melnhof<\/strong> gerichtet. Neubauer kommt mit dem hauchd\u00fcnnen Vorsprung von nur zwei Punkten nach Horn, hinter ihm den 13-fachen Rekord-Champion Baumschlager im Weltmeisterauto wissend. Und Mayr-Melnhof macht als aussichtsreicher Dritter auch noch erstmals mit einem World Rally Car Druck. In Wahrheit m\u00fcssen alle drei auf Sieg fahren, was die Sache nicht nur f\u00fcr die Piloten, sondern auch f\u00fcr deren Fans zur Nervensache hoch zwei macht. Hier die Aussagen der Hauptdarsteller in der ORM:<\/td>\n<\/tr>\n<tr>\n<td><a href=\"http:\/\/www.waldviertel-rallye.at\/cms\/wp-content\/uploads\/2017\/10\/Hermann-Neubauer_illmer_415.jpg\"><img loading=\"lazy\" decoding=\"async\" class=\"alignleft size-medium wp-image-7760\" src=\"http:\/\/www.waldviertel-rallye.at\/cms\/wp-content\/uploads\/2017\/10\/Hermann-Neubauer_illmer_415-300x200.jpg\" alt=\"\" width=\"300\" height=\"200\" srcset=\"http:\/\/www.waldviertel-rallye.at\/cms\/wp-content\/uploads\/2017\/10\/Hermann-Neubauer_illmer_415-300x200.jpg 300w, http:\/\/www.waldviertel-rallye.at\/cms\/wp-content\/uploads\/2017\/10\/Hermann-Neubauer_illmer_415-768x512.jpg 768w, http:\/\/www.waldviertel-rallye.at\/cms\/wp-content\/uploads\/2017\/10\/Hermann-Neubauer_illmer_415-1024x683.jpg 1024w, http:\/\/www.waldviertel-rallye.at\/cms\/wp-content\/uploads\/2017\/10\/Hermann-Neubauer_illmer_415-250x167.jpg 250w, http:\/\/www.waldviertel-rallye.at\/cms\/wp-content\/uploads\/2017\/10\/Hermann-Neubauer_illmer_415.jpg 2000w\" sizes=\"(max-width: 300px) 100vw, 300px\" \/><\/a><strong>Hermann Neubauer <\/strong>(Ford Fiesta WRC)<strong>: <\/strong>\u201eIch fahre zum ersten Mal seit f\u00fcnf Jahren wieder bei der Waldviertel-Rallye. Raimund hat die letzten zwei Rallyes hier gewonnen, kennt die Pr\u00fcfungen perfekt. Von da her bin ich also sicher nicht der Favorit. Aber aus meiner Zeit in der Europameisterschaft habe ich gelernt, mich auch nach nur wenigen Besichtigungen optimal auf eine Rallye einzustellen. Dass ich bei der Liezen-Rallye nach einer nicht so guten Leistung am Ende noch die Powerstage gewinnen und so die Meisterschaftsf\u00fchrung verteidigen konnte, war vor allem gut f\u00fcr den Kopf. Wir werden im Waldviertel unser Bestes geben, und am Ende wird der Beste Meister sein.\u201c<\/td>\n<\/tr>\n<tr>\n<td><a href=\"http:\/\/www.waldviertel-rallye.at\/cms\/wp-content\/uploads\/2017\/10\/Raimund-Baumschlager_illmer_223.jpg\"><img loading=\"lazy\" decoding=\"async\" class=\"alignleft size-medium wp-image-7758\" src=\"http:\/\/www.waldviertel-rallye.at\/cms\/wp-content\/uploads\/2017\/10\/Raimund-Baumschlager_illmer_223-300x179.jpg\" alt=\"\" width=\"300\" height=\"179\" srcset=\"http:\/\/www.waldviertel-rallye.at\/cms\/wp-content\/uploads\/2017\/10\/Raimund-Baumschlager_illmer_223-300x179.jpg 300w, http:\/\/www.waldviertel-rallye.at\/cms\/wp-content\/uploads\/2017\/10\/Raimund-Baumschlager_illmer_223-768x458.jpg 768w, http:\/\/www.waldviertel-rallye.at\/cms\/wp-content\/uploads\/2017\/10\/Raimund-Baumschlager_illmer_223-1024x611.jpg 1024w, http:\/\/www.waldviertel-rallye.at\/cms\/wp-content\/uploads\/2017\/10\/Raimund-Baumschlager_illmer_223-250x149.jpg 250w, http:\/\/www.waldviertel-rallye.at\/cms\/wp-content\/uploads\/2017\/10\/Raimund-Baumschlager_illmer_223.jpg 2000w\" sizes=\"(max-width: 300px) 100vw, 300px\" \/><\/a><strong>Raimund Baumschlager <\/strong>(VW Polo WRC)<strong>: <\/strong>\u201eDie Ausgangslage sagt eh alles. Ich muss wohl gewinnen, um noch den Titel holen zu k\u00f6nnen. Also kann unsere Taktik nur volle Attacke vom ersten Meter an hei\u00dfen. Die klassischen Waldviertel-Pr\u00fcfungen wie Gf\u00f6hl und Manhartsberg hat Neubauer heuer im Rahmen des ARC-Sprints ausgiebig getestet, also sehe ich da keinen Vorteil f\u00fcr uns.\u201c<\/td>\n<\/tr>\n<tr>\n<td><a href=\"http:\/\/www.waldviertel-rallye.at\/cms\/wp-content\/uploads\/2017\/10\/Citroen-WRC-von-Niki-Mayr-Melnhof.jpg\"><img loading=\"lazy\" decoding=\"async\" class=\"alignleft size-medium wp-image-7755\" src=\"http:\/\/www.waldviertel-rallye.at\/cms\/wp-content\/uploads\/2017\/10\/Citroen-WRC-von-Niki-Mayr-Melnhof-300x200.jpg\" alt=\"\" width=\"300\" height=\"200\" srcset=\"http:\/\/www.waldviertel-rallye.at\/cms\/wp-content\/uploads\/2017\/10\/Citroen-WRC-von-Niki-Mayr-Melnhof-300x200.jpg 300w, http:\/\/www.waldviertel-rallye.at\/cms\/wp-content\/uploads\/2017\/10\/Citroen-WRC-von-Niki-Mayr-Melnhof-768x512.jpg 768w, http:\/\/www.waldviertel-rallye.at\/cms\/wp-content\/uploads\/2017\/10\/Citroen-WRC-von-Niki-Mayr-Melnhof-1024x683.jpg 1024w, http:\/\/www.waldviertel-rallye.at\/cms\/wp-content\/uploads\/2017\/10\/Citroen-WRC-von-Niki-Mayr-Melnhof-250x167.jpg 250w, http:\/\/www.waldviertel-rallye.at\/cms\/wp-content\/uploads\/2017\/10\/Citroen-WRC-von-Niki-Mayr-Melnhof.jpg 2000w\" sizes=\"(max-width: 300px) 100vw, 300px\" \/><\/a><strong>Niki Mayr-Melnhof: <\/strong>\u201eVon den drei Titelanw\u00e4rtern habe ich sicher den wenigsten Druck. Deshalb stelle ich auch gar keine Rechnungen an, wer am Ende wo liegen m\u00fcsste, dass . . . Ich freue mich einfach auf eine tolle Rallye im Waldviertel und darauf, unseren Citroen DS3 WRC endlich wettbewerbsm\u00e4\u00dfig fahren zu k\u00f6nnen. Wenn alles passt, bin ich mit diesem Auto wohl genauso f\u00fcr den Sieg gut wie ein paar andere. Erst wenn wir am Ende vorne stehen, und das ist ja Grundbedingung f\u00fcr unsere Meisterchance, wird es interessant, wie die Hauptkonkurrenten abgeschnitten haben.\u201c<\/td>\n<\/tr>\n<tr>\n<td>Abgesehen von der dramatischen Ausgangslage im Kampf um den Staatsmeistertitel kann die <strong>Rallye Waldviertel<\/strong> mit einem sehenswerten Starterfeld in der ORM aufwarten. Neben die \u00f6sterreichischen Spitzenpiloten <strong>Christan Schuberth-Mrlik<\/strong> (Skoda Fabia R5), <strong>Gerald Rigler<\/strong> (Ford Fiesta R5), <strong>Walter Mayer<\/strong> (Peugeot 208 R5), <strong>Robert Zitta, Hermann Haslauer, G\u00fcnther Knobloch, Alexander Keresztesi<\/strong> (alle Subaru WRX) und dem in Deutschland lebenden <strong>Hans Peter Haid<\/strong> (Mitsubishi Evo X) gesellt sich ein sehr starkes Feld an ausl\u00e4ndischer Konkurrenz. Der auff\u00e4lligste aus Nationensicht ist dabei sicher der Chinese <strong>Yang Zhang<\/strong>. Der \u00fcber Kontakt von <strong>Manfred Stohl<\/strong> ins Waldviertel kommende Asiate lenkt einen Citroen DS3 R5. Bereits Waldviertel-erprobte Teams reisen aus Ungarn an \u2013 <strong>David Botka, Joszef Trencsenyi<\/strong> und <strong>Zolt\u00e1n Szab\u00f3<\/strong> (alle Skoda Fabia R5), <strong>Gergely Fogasy<\/strong> (Peugeot 208 R5) sowie <strong>Attila Rongits<\/strong> und <strong>Gerg\u00f6 Szauer<\/strong> (beide Mitsubishi Evo X). Auch Tschechien ist mit zwei sehr starken R5 Piloten vertreten. <strong>Jaroslav Orsak <\/strong>und <strong>Tomas Kurka<\/strong> sind mit zwei Ford Fiesta R5 Boliden im Waldviertel am Start. Das ORM-Feld wird komplettiert durch den Letten <strong>Lielkajis Guntis<\/strong>, der mit einem Mitsubishi Lancer Evo IX sein Gl\u00fcck versucht.&nbsp;&nbsp;&nbsp;<\/td>\n<\/tr>\n<tr>\n<td>\n<h3>ORM 2-WD<\/h3>\n<p>Nicht minder packend ist die Ausgangslage im Kampf um den Staatsmeistertitel in der <strong>ORM 2-WD<\/strong>. Durch den Ausfall von <strong>Daniel Wollinger<\/strong> und <strong>Julian Wagner<\/strong> in Liezen konnte sich <strong>Michael Kogler<\/strong> mit seinem dortigen Sieg etwas \u00fcberraschend an die Spitze setzen. Diese m\u00f6chte er nat\u00fcrlich gerne bis zum Schluss behalten, was wiederum seine zwei Hauptkonkurrenten naturgem\u00e4\u00df st\u00f6rt. Hier die Einsch\u00e4tzungen der drei Titelkandidaten:<\/td>\n<\/tr>\n<tr>\n<td><strong>Michael Kogler <\/strong>(Citroen DS3 R3)<strong>: <\/strong>\u201eDer Sieg in Liezen und die dortigen Ausf\u00e4lle meiner sch\u00e4rfsten Konkurrenten haben eine f\u00fcr mich eigentlich schon verspielte Titelchance wiederbelebt. Grundvoraussetzung daf\u00fcr ist erst einmal ein Sieg in meiner Heimat und dann muss ich hoffen, dass Daniel nicht zu gut abschneidet. Ich gehe es ohne Druck an, versuche so wie im Vorjahr auch heuer im Waldviertel zu gewinnen, und alles andere kann ich eh nicht beeinflussen. Hole ich den Titel, w\u00e4r\u2019s das i-T\u00fcpfelchen auf einer guten Saison. Geht sich\u2019s nicht aus, wird sich meine Welt aber sicher auch weiterdrehen.\u201c<\/td>\n<\/tr>\n<tr>\n<td><strong><a href=\"http:\/\/www.waldviertel-rallye.at\/cms\/wp-content\/uploads\/2017\/10\/Daniel-Wollinger_illmer_607.jpg\"><img loading=\"lazy\" decoding=\"async\" class=\"alignleft size-medium wp-image-7759\" src=\"http:\/\/www.waldviertel-rallye.at\/cms\/wp-content\/uploads\/2017\/10\/Daniel-Wollinger_illmer_607-300x200.jpg\" alt=\"\" width=\"300\" height=\"200\" srcset=\"http:\/\/www.waldviertel-rallye.at\/cms\/wp-content\/uploads\/2017\/10\/Daniel-Wollinger_illmer_607-300x200.jpg 300w, http:\/\/www.waldviertel-rallye.at\/cms\/wp-content\/uploads\/2017\/10\/Daniel-Wollinger_illmer_607-768x512.jpg 768w, http:\/\/www.waldviertel-rallye.at\/cms\/wp-content\/uploads\/2017\/10\/Daniel-Wollinger_illmer_607-1024x683.jpg 1024w, http:\/\/www.waldviertel-rallye.at\/cms\/wp-content\/uploads\/2017\/10\/Daniel-Wollinger_illmer_607-250x167.jpg 250w, http:\/\/www.waldviertel-rallye.at\/cms\/wp-content\/uploads\/2017\/10\/Daniel-Wollinger_illmer_607.jpg 1800w\" sizes=\"(max-width: 300px) 100vw, 300px\" \/><\/a>Daniel Wolliger <\/strong>(Renault Clio Maxi)<strong>: <\/strong>\u201eIch habe nat\u00fcrlich schon nachgerechnet. Wenn Michael gewinnt, muss ich Dritter werden und zumindest einen Punkt in der Powerstage holen, dann geht es sich aus. F\u00fcr mich z\u00e4hlt nur der Staatsmeistertitel, ich war jetzt schon so oft so knapp dran, dass ich das heuer unbedingt will. Unser Auto ist nach dem Crash in Liezen wieder komplett repariert und die Waldviertel-Rallye bin ich auch schon unz\u00e4hlige Male gefahren, also sehe ich dem ganzen Unterfangen relativ gelassen entgegen. Mein Vorteil ist, dass ich nicht unbedingt gewinnen muss.\u201c<\/td>\n<\/tr>\n<tr>\n<td><strong>Julian Wagner <\/strong>(Opel Adam R2)<strong>: <\/strong>\u201eDurch den Ausfall in Liezen haben sich meine Chancen auf den 2WD-Titel leider nicht unbedingt vergr\u00f6\u00dfert. Trotzdem werde ich alles versuchen, im Waldviertel zu gewinnen und muss dann hoffen, dass Daniel nur Vierter wird und auch in der Powerstage punktelos bleibt. Nat\u00fcrlich habe ich auch den Gesamtsieg im Opel-Cup im Visier, aber der erg\u00e4be sich mit einem 2WD-Sieg ja eh von selber. Deshalb liegt mein Fokus ganz klar auf dem Staatsmeistertitel in der 2WD-Wertung. Die Devise hei\u00dft Vollgas!\u201c<\/td>\n<\/tr>\n<tr>\n<td><strong><a href=\"http:\/\/www.waldviertel-rallye.at\/cms\/wp-content\/uploads\/2017\/10\/Julian-Wagner-_illmer_912.jpg\"><img loading=\"lazy\" decoding=\"async\" class=\"alignleft size-medium wp-image-7756\" src=\"http:\/\/www.waldviertel-rallye.at\/cms\/wp-content\/uploads\/2017\/10\/Julian-Wagner-_illmer_912-300x200.jpg\" alt=\"\" width=\"300\" height=\"200\" srcset=\"http:\/\/www.waldviertel-rallye.at\/cms\/wp-content\/uploads\/2017\/10\/Julian-Wagner-_illmer_912-300x200.jpg 300w, http:\/\/www.waldviertel-rallye.at\/cms\/wp-content\/uploads\/2017\/10\/Julian-Wagner-_illmer_912-768x512.jpg 768w, http:\/\/www.waldviertel-rallye.at\/cms\/wp-content\/uploads\/2017\/10\/Julian-Wagner-_illmer_912-1024x682.jpg 1024w, http:\/\/www.waldviertel-rallye.at\/cms\/wp-content\/uploads\/2017\/10\/Julian-Wagner-_illmer_912-250x167.jpg 250w, http:\/\/www.waldviertel-rallye.at\/cms\/wp-content\/uploads\/2017\/10\/Julian-Wagner-_illmer_912.jpg 2000w\" sizes=\"(max-width: 300px) 100vw, 300px\" \/><\/a>Julian Wagner<\/strong> hat sich wom\u00f6glich Hilfe aus dem eigenen Haus geholt. Mit <strong>Simon Wagner<\/strong> steht immerhin der noch regierende 2WD-Staatsmeister am Start. Mit einem Opel Adam R2 wird der Ober\u00f6sterreicher wohl versuchen, seinem Bruder Sch\u00fctzenhilfe zu leisten. Aber auch der Ungar <strong>Christof Klausz<\/strong> (Peugeot 208 R2) oder der Steirer <strong>Christoph Lieb<\/strong> (Opel Adam) sind durchaus in der Lage, das Feld durcheinander zu wirbeln, ebenso wie der Amstettner <strong>Christoph Zellhofer<\/strong> mit seinem Suzuki Swift. Starke, aber leider oftmals unbelohnte Szenen lieferte heuer auch immer wieder die Nieder\u00f6sterreicherin <strong>Viktoria Hojas<\/strong> im Opel Corsa.<\/td>\n<\/tr>\n<tr>\n<td>\n<h3>ORM JUNIOR<\/h3>\n<p>Entschieden ist bereits die <strong>Junioren-Staatsmeisterschaft 2017<\/strong>. Mit f\u00fcnf Saisonsiegen sicherte sich <strong>Julian Wagner<\/strong> bereits in Weiz v\u00f6llig zu Recht den Titel. Im Waldviertel sind neben dem neuen Champion auch noch <strong>Simon Wagner<\/strong> (Opel Adam), <strong>Christof Klausz<\/strong> (Peugeot 208 R2), <strong>Christoph Lieb<\/strong> (Opel Adam), <strong>Christoph Zellhofer<\/strong> (Suzuki Swift), <strong>Benedikt Leopold Baier<\/strong> (Opel Corsa) sowie die Italienerin <strong>Tamara Molinaro<\/strong> (Opel Adam R2) im Bewerb der besten Nachwuchspiloten start- und punkteberechtigt.<\/td>\n<\/tr>\n<\/tbody>\n<\/table>\n<p>&nbsp;<\/p>\n<p>&nbsp;<\/p>\n<p>&nbsp;<\/p>\n<p>&nbsp;<\/p>\n<p>&nbsp;<\/p>\n<p>&nbsp;<\/p>\n<h3>RALLYEPOKAL DER AMF<\/h3>\n<p>Auch im <strong>Rallyepokal der Austrian Motorsport Federation (AMF) <\/strong>ist die Titelentscheidung bereits gefallen. Und zwar in beiden Divisionen und jeweils zugunsten eines steirischen Piloten. In der Division 1 hei\u00dft der Gesamtsieger <strong>G\u00fcnter Knobloch<\/strong> (Subaru WRX), in der Division 2 darf sich <strong>Enrico Windisch<\/strong> (Renault Clio R2) freuen. Er wird im Waldviertel nicht dabei sein. Aber ein starkes wie routiniertes Starterfeld garantiert trotzdem Rallyesport in Reinkultur. Mit dabei sind u. a. bekannte Namen wie <strong>Luca Waldherr <\/strong>oder <strong>Markus Kroneder<\/strong> (beide Mitsubishi). Knobloch und Windisch sind nebenbei auch noch die Gesamtsieger im <strong>M1 Rallye Masters<\/strong>.<\/p>\n<p>&nbsp;<\/p>\n<h3>&nbsp;<\/h3>\n<h3>ORM HISTORIC &amp; HISTORISCHER RALLYEPOKAL<\/h3>\n<p>In der <strong>Historischen Rallye-Staatsmeisterschaft <\/strong>sind die W\u00fcrfel l\u00e4ngst f\u00fcr <strong>Kris Rosenberger <\/strong>gefallen. Der mittlerweile in Graz lebende Porsche-Pilot war heuer unantastbar. Beim Saisonfinale bietet sich trotzdem ein illustres Starterfeld in der <strong>ORM Historic bzw. im Historischen Rallyepokal<\/strong> (der ebenfalls bereits zugunsten des Italieners <strong>Paolo Pasutti<\/strong> entschieden ist). Mit dabei sind im Waldviertel neben Pasuttti auch <strong>Walter Terler<\/strong> (Opel Ascona B), <strong>Kurt G\u00f6ttlicher<\/strong> (Ford Sierra), <strong>Oskar Hebenstreit<\/strong> (Ford Escort RS 2000), <strong>Roman Pumper <\/strong>(Mercedes 190), <strong>Franz Panhofer<\/strong> (Toyota Corolla) oder <strong>Rudolf Kugler<\/strong> (Volvo 940).&nbsp;&nbsp;<\/p>\n<p><strong>&nbsp;<\/strong><\/p>\n<h3>DOWNLOAD WORD DOCUMENT PR 05 \/ 2017 &gt;&gt; <a href=\"http:\/\/www.waldviertel-rallye.at\/cms\/wp-content\/uploads\/2017\/10\/Rallye-Waldviertel-2017-PR-05.docx\" class=\"mtli_attachment mtli_docx\">Rallye Waldviertel 2017 PR 05<\/a><\/h3>\n","protected":false},"excerpt":{"rendered":"<p>43 heimische Piloten stehen heuer 20 ausl\u00e4ndischen Mannschaften gegen\u00fcber &gt;&gt; Nennliste-W4R-2017 Nieder\u00f6sterreich stellt 22 Starter, Ober\u00f6sterreich 11 Aktive und Steiermark 6 So wurden f\u00fcr die Topklassen (1 und 2) international und national, insgesamt 21 Autos f\u00fcr die Teilnahme genannt, wobei sich unter anderem drei Teams mit WRC Fahrzeugen und neun Teams mit R5 Boliden gegen\u00fcber [&hellip;]<\/p>\n","protected":false},"author":1,"featured_media":7760,"comment_status":"closed","ping_status":"closed","sticky":false,"template":"","format":"standard","meta":{"ngg_post_thumbnail":0,"footnotes":""},"categories":[1],"tags":[],"_links":{"self":[{"href":"http:\/\/www.waldviertel-rallye.at\/cms\/wp-json\/wp\/v2\/posts\/7754"}],"collection":[{"href":"http:\/\/www.waldviertel-rallye.at\/cms\/wp-json\/wp\/v2\/posts"}],"about":[{"href":"http:\/\/www.waldviertel-rallye.at\/cms\/wp-json\/wp\/v2\/types\/post"}],"author":[{"embeddable":true,"href":"http:\/\/www.waldviertel-rallye.at\/cms\/wp-json\/wp\/v2\/users\/1"}],"replies":[{"embeddable":true,"href":"http:\/\/www.waldviertel-rallye.at\/cms\/wp-json\/wp\/v2\/comments?post=7754"}],"version-history":[{"count":3,"href":"http:\/\/www.waldviertel-rallye.at\/cms\/wp-json\/wp\/v2\/posts\/7754\/revisions"}],"predecessor-version":[{"id":7765,"href":"http:\/\/www.waldviertel-rallye.at\/cms\/wp-json\/wp\/v2\/posts\/7754\/revisions\/7765"}],"wp:featuredmedia":[{"embeddable":true,"href":"http:\/\/www.waldviertel-rallye.at\/cms\/wp-json\/wp\/v2\/media\/7760"}],"wp:attachment":[{"href":"http:\/\/www.waldviertel-rallye.at\/cms\/wp-json\/wp\/v2\/media?parent=7754"}],"wp:term":[{"taxonomy":"category","embeddable":true,"href":"http:\/\/www.waldviertel-rallye.at\/cms\/wp-json\/wp\/v2\/categories?post=7754"},{"taxonomy":"post_tag","embeddable":true,"href":"http:\/\/www.waldviertel-rallye.at\/cms\/wp-json\/wp\/v2\/tags?post=7754"}],"curies":[{"name":"wp","href":"https:\/\/api.w.org\/{rel}","templated":true}]}}