{"id":7010,"date":"2016-10-22T16:10:08","date_gmt":"2016-10-22T14:10:08","guid":{"rendered":"http:\/\/www.waldviertel-rallye.at\/cms\/?p=7010"},"modified":"2016-10-24T18:36:42","modified_gmt":"2016-10-24T16:36:42","slug":"total-rallyeshow-2016","status":"publish","type":"post","link":"http:\/\/www.waldviertel-rallye.at\/cms\/total-rallyeshow-2016\/","title":{"rendered":"TOTAL RALLYESHOW 2016  &#8211;  DAS MOTORSPORT SHOWPROGRAMM IM VAZ"},"content":{"rendered":"<h3><a href=\"http:\/\/www.waldviertel-rallye.at\/cms\/wp-content\/uploads\/2015\/01\/logo-rallyeshow-2016.jpg\"><img loading=\"lazy\" decoding=\"async\" class=\"wp-image-6517 alignright\" src=\"http:\/\/www.waldviertel-rallye.at\/cms\/wp-content\/uploads\/2015\/01\/logo-rallyeshow-2016-1024x670.jpg\" alt=\"logo-rallyeshow-2016\" width=\"263\" height=\"172\" srcset=\"http:\/\/www.waldviertel-rallye.at\/cms\/wp-content\/uploads\/2015\/01\/logo-rallyeshow-2016-1024x670.jpg 1024w, http:\/\/www.waldviertel-rallye.at\/cms\/wp-content\/uploads\/2015\/01\/logo-rallyeshow-2016-300x196.jpg 300w, http:\/\/www.waldviertel-rallye.at\/cms\/wp-content\/uploads\/2015\/01\/logo-rallyeshow-2016-250x163.jpg 250w, http:\/\/www.waldviertel-rallye.at\/cms\/wp-content\/uploads\/2015\/01\/logo-rallyeshow-2016-36x24.jpg 36w, http:\/\/www.waldviertel-rallye.at\/cms\/wp-content\/uploads\/2015\/01\/logo-rallyeshow-2016-90x59.jpg 90w, http:\/\/www.waldviertel-rallye.at\/cms\/wp-content\/uploads\/2015\/01\/logo-rallyeshow-2016-150x98.jpg 150w, http:\/\/www.waldviertel-rallye.at\/cms\/wp-content\/uploads\/2015\/01\/logo-rallyeshow-2016-32x21.jpg 32w\" sizes=\"(max-width: 263px) 100vw, 263px\" \/><\/a><span style=\"color: #ff0000;\">RALLY RACE &amp; FUN IN ST.P\u00d6LTEN 18.11. 2016 <\/span><\/h3>\n<h3><span style=\"color: #ff0000;\">VON 10:00 UHR BIS 20:00 Uhr<br \/>\n<\/span><\/h3>\n<h3><span style=\"color: #ff0000;\">QUATTROLEGENDE 11.1\u00a0 +\u00a0 AUDI-RALLYESHOW<\/span><\/h3>\n<p><a href=\"http:\/\/www.waldviertel-rallye.at\/cms\/wp-content\/uploads\/2016\/10\/LOGO-QUATTROLEGENDE-10.1.jpg\"><img loading=\"lazy\" decoding=\"async\" class=\"alignleft wp-image-7025\" src=\"http:\/\/www.waldviertel-rallye.at\/cms\/wp-content\/uploads\/2016\/10\/LOGO-QUATTROLEGENDE-10.1-1024x634.jpg\" alt=\"logo-quattrolegende-10-1\" width=\"215\" height=\"133\" srcset=\"http:\/\/www.waldviertel-rallye.at\/cms\/wp-content\/uploads\/2016\/10\/LOGO-QUATTROLEGENDE-10.1-1024x634.jpg 1024w, http:\/\/www.waldviertel-rallye.at\/cms\/wp-content\/uploads\/2016\/10\/LOGO-QUATTROLEGENDE-10.1-300x186.jpg 300w, http:\/\/www.waldviertel-rallye.at\/cms\/wp-content\/uploads\/2016\/10\/LOGO-QUATTROLEGENDE-10.1-768x475.jpg 768w, http:\/\/www.waldviertel-rallye.at\/cms\/wp-content\/uploads\/2016\/10\/LOGO-QUATTROLEGENDE-10.1-250x155.jpg 250w, http:\/\/www.waldviertel-rallye.at\/cms\/wp-content\/uploads\/2016\/10\/LOGO-QUATTROLEGENDE-10.1-570x350.jpg 570w\" sizes=\"(max-width: 215px) 100vw, 215px\" \/><\/a><\/p>\n<h3><\/h3>\n<h3><\/h3>\n<p>&nbsp;<\/p>\n<h3><span style=\"color: #008000;\">RALLYE RACE HISTORIC &amp; MODERN<\/span><\/h3>\n<h3><span style=\"color: #008000;\">RALLYELEGENDEN RACE\u00a0<\/span><\/h3>\n<h3><span style=\"color: #008000;\">CHARITY DRIFT CHALLENGE RACE TAXI<\/span><\/h3>\n<h3><span style=\"color: #008000;\">RACEMASTERS AUSTRIA<\/span><\/h3>\n<p>&nbsp;<\/p>\n<p><strong>JANSEN COMPETITION<\/strong> der Rallyesportausr\u00fcster mit Herz<\/p>\n<p><strong>WRC SHOP<\/strong> Rallymerchandising.com<\/p>\n<p><strong>SLOT CAR RALLYE SONDERPR\u00dcFUNG<\/strong>\u00a0 presented by <a href=\"http:\/\/rennbahnverleih.at\/mietrennbahnen-more\/rallye-sonderpr%C3%BCfung\/\">rennbahnverleih.at<\/a> &amp; Modellbauclub Gars<\/p>\n<p><strong>RALLYTRAVELS<\/strong> Informationen zurm WRC Programm 2017 + Gewinnspiel<\/p>\n<p><strong>\u00d6AMTC FTZ MELK<\/strong> Informationen rund um Fahrtechnikund Motorsport im FTZ Melk<\/p>\n<p><strong>MSRR NEULENGBACH<\/strong> der Motorsportclub aus dem Wienerwald<\/p>\n<p><strong>HELMUT DEIMELS RALLYEFILME<\/strong> Rallyesportgeschichte in Wort und Bild, DVD Verkauf<\/p>\n<p><strong>M1 RALLYEMASTERS<\/strong> Vorschau auf die Saison 2017<\/p>\n<p>&nbsp;<\/p>\n<h3><span style=\"color: #ff0000;\">ZEITPLAN RALLYESHOW:<br \/>\n<\/span><\/h3>\n<p>10:00 SPECIAL STAGE VAZ I<br \/>\n10:45 SPECIAL STAGE ST.P\u00d6LTEN I<br \/>\n11:30 SPECIAL STAGE VAZ II<br \/>\n11:45 SPECIAL STAGE ST.P\u00d6LTEN I<br \/>\n13:45 QUALIFIKATION RACE MASTERS I<br \/>\n20:00 SIEGEREHRUNG RALLYESHOW<\/p>\n<p>&nbsp;<\/p>\n<p>15:00 TV SUPER SPECIAL STAGE RALLYE WALDVIERTEL<br \/>\n17:00 FINALE RACEMASTERS<br \/>\n18:00 SUPER SPECIAL STAGE II<\/p>\n<p>&nbsp;<\/p>\n<h3>STRECKENPL\u00c4NE &gt;&gt;\u00a0 <a href=\"http:\/\/www.waldviertel-rallye.at\/rallyeshow\/wp-content\/uploads\/2015\/07\/RALLYESHOW-2016-1.pdf\" class=\"mtli_attachment mtli_pdf\" target=\"_blank\">Rallyeshow-2016<\/a><\/h3>\n<h3>PDF INFORMATION &gt;&gt;\u00a0<a href=\"http:\/\/www.waldviertel-rallye.at\/rallyeshow\/wp-content\/uploads\/2015\/07\/race-masters.pdf\" class=\"mtli_attachment mtli_pdf\" target=\"_blank\" rel=\"\">1. RACE MASTERS AUSTRIA<\/a><\/h3>\n<h3><\/h3>\n<h3>NENNSCHLUSS 2. 11. 2016<\/h3>\n<h3>Eine Nennung ist nur g\u00fcltig mit vollst\u00e4ndiger Einzahlung der Nenngeb\u00fchr auf das Veranstalterkonto.<\/h3>\n<h3>&gt;&gt; <a href=\"https:\/\/www.tw-sportsoft.de\/Rallye_Waldviertel_2016\/TW_ON_Nennung.php\" target=\"_blank\">Nennung \/ Anmeldung\u00a0<\/a><\/h3>\n<p>&nbsp;<\/p>\n<h3><span class=\"fsl\">RALLYESHOW mit HISTORISCHER MOTORSPORT \/ RALLYE &amp; QUATTRO-AUSSTELLUNG UND 1. RACE MASTERS AUSTRIA:<\/span><\/h3>\n<p><span class=\"fsl\">Die international ausgeschriebene RALLYESHOW am 18. November 2016 wird als 1 \u2013 Tages \u2013 Veranstaltung durchgef\u00fchrt. Die Strecke f\u00fchrt nach dem Start und der Er\u00f6ffnungssonderpr\u00fcfung \u201eRallyeshow 1\u201c im VAZ St. P\u00f6lten \u00fcber die SP St. P\u00f6lten die mindestens 2mal befahren wird. Gesamt sind 3 Servicestops im VAZ vorgesehen. Das Finale ist im VAZ\u00a0 nach Superstagemodus vorgesehen und wird als RACE MASTERS AUSTRIA durchgef\u00fchrt. Die Teilnahme ist auch f\u00fcr Rundstrecken, Slalom und Serienfahrzeuge m\u00f6glich. <strong>!! ACHTUNG LIMITIERTE TEILNEHMERZAHL !!<\/strong><\/span><\/p>\n<h3>Teilnahme m\u00f6glich mit:<\/h3>\n<h3>Historischen Rallye, Rundstrecken Berg und Slalomfahrzeuge bis BJ. 1990<\/h3>\n<h3>besondere Fahrzeuge &amp; Audi Quattros (auch mit Serienausstattung)<\/h3>\n<h3><\/h3>\n<h3>WEITERE INFORMATIONEN:<\/h3>\n<h3>Teilnahmegeb\u00fchr: Team mit Fahrer u. Beifahrer ab \u20ac 199.-<\/h3>\n<p>Die Teilnehmerzahl ist auf 60 Fahrzeuge begrenzt.<\/p>\n<p>Ihre Anmeldung wird erst mit Bezahlung der vollst\u00e4ndigen Nenngeb\u00fchr g\u00fcltig (siehe <strong>Ausschreibung<\/strong>)<\/p>\n<p>Fahrzeuge die nicht auf Schotter gefahren werden oder \u00fcber keine Zulassung verf\u00fcgen k\u00f6nnen teilnehmen, fahren jedoch nur die Sonderpr\u00fcfungen im VAZ Gel\u00e4nde und nehmen zus\u00e4tzlich am <strong>race masters austria<\/strong> teil.<\/p>\n<p>Die Strecke im VAZ besteht f\u00fcr die Rallyelegenden teilweise aus Schotter und das racemasters austria zu 100% aus\u00a0 Ausphalt<\/p>\n<p>Das Fahrerlager ist teilweise asphaltiert und geschottert.<\/p>\n<p>&nbsp;<\/p>\n<h3>PLAKAT 2016:<\/h3>\n<p><a href=\"http:\/\/www.waldviertel-rallye.at\/cms\/wp-content\/uploads\/2016\/10\/PLAKAT-GELB-2016.jpg\"><img loading=\"lazy\" decoding=\"async\" class=\"alignleft wp-image-7026\" src=\"http:\/\/www.waldviertel-rallye.at\/cms\/wp-content\/uploads\/2016\/10\/PLAKAT-GELB-2016-768x1024.jpg\" alt=\"plakat-gelb-2016\" width=\"392\" height=\"523\" srcset=\"http:\/\/www.waldviertel-rallye.at\/cms\/wp-content\/uploads\/2016\/10\/PLAKAT-GELB-2016-768x1024.jpg 768w, http:\/\/www.waldviertel-rallye.at\/cms\/wp-content\/uploads\/2016\/10\/PLAKAT-GELB-2016-225x300.jpg 225w, http:\/\/www.waldviertel-rallye.at\/cms\/wp-content\/uploads\/2016\/10\/PLAKAT-GELB-2016-250x333.jpg 250w, http:\/\/www.waldviertel-rallye.at\/cms\/wp-content\/uploads\/2016\/10\/PLAKAT-GELB-2016.jpg 1701w\" sizes=\"(max-width: 392px) 100vw, 392px\" \/><\/a><\/p>\n<p>&nbsp;<\/p>\n","protected":false},"excerpt":{"rendered":"<p>RALLY RACE &amp; FUN IN ST.P\u00d6LTEN 18.11. 2016 VON 10:00 UHR BIS 20:00 Uhr QUATTROLEGENDE 11.1\u00a0 +\u00a0 AUDI-RALLYESHOW &nbsp; RALLYE RACE HISTORIC &amp; MODERN RALLYELEGENDEN RACE\u00a0 CHARITY DRIFT CHALLENGE RACE TAXI RACEMASTERS AUSTRIA &nbsp; JANSEN COMPETITION der Rallyesportausr\u00fcster mit Herz WRC SHOP Rallymerchandising.com SLOT CAR RALLYE SONDERPR\u00dcFUNG\u00a0 presented by rennbahnverleih.at &amp; Modellbauclub Gars RALLYTRAVELS Informationen [&hellip;]<\/p>\n","protected":false},"author":1,"featured_media":7027,"comment_status":"closed","ping_status":"closed","sticky":false,"template":"","format":"standard","meta":{"ngg_post_thumbnail":0,"footnotes":""},"categories":[1],"tags":[],"_links":{"self":[{"href":"http:\/\/www.waldviertel-rallye.at\/cms\/wp-json\/wp\/v2\/posts\/7010"}],"collection":[{"href":"http:\/\/www.waldviertel-rallye.at\/cms\/wp-json\/wp\/v2\/posts"}],"about":[{"href":"http:\/\/www.waldviertel-rallye.at\/cms\/wp-json\/wp\/v2\/types\/post"}],"author":[{"embeddable":true,"href":"http:\/\/www.waldviertel-rallye.at\/cms\/wp-json\/wp\/v2\/users\/1"}],"replies":[{"embeddable":true,"href":"http:\/\/www.waldviertel-rallye.at\/cms\/wp-json\/wp\/v2\/comments?post=7010"}],"version-history":[{"count":25,"href":"http:\/\/www.waldviertel-rallye.at\/cms\/wp-json\/wp\/v2\/posts\/7010\/revisions"}],"predecessor-version":[{"id":7097,"href":"http:\/\/www.waldviertel-rallye.at\/cms\/wp-json\/wp\/v2\/posts\/7010\/revisions\/7097"}],"wp:featuredmedia":[{"embeddable":true,"href":"http:\/\/www.waldviertel-rallye.at\/cms\/wp-json\/wp\/v2\/media\/7027"}],"wp:attachment":[{"href":"http:\/\/www.waldviertel-rallye.at\/cms\/wp-json\/wp\/v2\/media?parent=7010"}],"wp:term":[{"taxonomy":"category","embeddable":true,"href":"http:\/\/www.waldviertel-rallye.at\/cms\/wp-json\/wp\/v2\/categories?post=7010"},{"taxonomy":"post_tag","embeddable":true,"href":"http:\/\/www.waldviertel-rallye.at\/cms\/wp-json\/wp\/v2\/tags?post=7010"}],"curies":[{"name":"wp","href":"https:\/\/api.w.org\/{rel}","templated":true}]}}