{"id":6443,"date":"2015-11-11T07:47:37","date_gmt":"2015-11-11T06:47:37","guid":{"rendered":"http:\/\/www.waldviertel-rallye.at\/cms\/?p=6443"},"modified":"2015-11-28T11:44:34","modified_gmt":"2015-11-28T10:44:34","slug":"die-tv-berichte-2015","status":"publish","type":"post","link":"http:\/\/www.waldviertel-rallye.at\/cms\/die-tv-berichte-2015\/","title":{"rendered":"DIE GESAMMELTEN TV BERICHTE 2015 INKLUSIVE DOWNLOAD LIVEBERICHT"},"content":{"rendered":"<p>Mit 2:45 Stunden TV \u00dcbertragungszeiten ohne Widerholungen schaffte die Ralllye Waldviertel einen einmaligen medialen Auftritt f\u00fcr den \u00f6sterreichischen Rallyesport:<\/p>\n<h3>BERICHT ORF SPORT BILD (5:30)<\/h3>\n<div style=\"width: 960px;\" class=\"wp-video\"><!--[if lt IE 9]><script>document.createElement('video');<\/script><![endif]-->\n<video class=\"wp-video-shortcode\" id=\"video-6443-1\" width=\"960\" height=\"544\" preload=\"metadata\" controls=\"controls\"><source type=\"video\/mp4\" src=\"http:\/\/www.waldviertel-rallye.at\/cms\/wp-content\/uploads\/2015\/11\/2015-11-08_1125_tl_01_Sport-Bild_Baumschlager-gewinnt__10932763__o__0001662598__s10932768___ye_ORF1HiRes_11264217P_11323300P_Q6A.mp4?_=1\" \/><a href=\"http:\/\/www.waldviertel-rallye.at\/cms\/wp-content\/uploads\/2015\/11\/2015-11-08_1125_tl_01_Sport-Bild_Baumschlager-gewinnt__10932763__o__0001662598__s10932768___ye_ORF1HiRes_11264217P_11323300P_Q6A.mp4\">http:\/\/www.waldviertel-rallye.at\/cms\/wp-content\/uploads\/2015\/11\/2015-11-08_1125_tl_01_Sport-Bild_Baumschlager-gewinnt__10932763__o__0001662598__s10932768___ye_ORF1HiRes_11264217P_11323300P_Q6A.mp4<\/a><\/video><\/div>\n<h3><a href=\"https:\/\/www.dropbox.com\/s\/ru6skxomauhoqvp\/Waldviertel-Rallye-LIVEBERICHT.mp4?dl=0\" target=\"_blank\">Waldviertel-Rallye-LIVEBERICHT SP 2 (95 min.)<\/a><\/h3>\n<h3><\/h3>\n<h3>KABELNETZ:<\/h3>\n<h3><a href=\"https:\/\/www.dropbox.com\/s\/kf8zn7pzxegjj0n\/P3-TV%20Beitr%C3%A4ge%202015.mp4?dl=0\" target=\"_blank\">P3 Kabel TV St. P\u00f6lten <\/a><\/h3>\n<h3><a href=\"https:\/\/www.dropbox.com\/s\/e7w5qzin2rnjbdu\/MOTOR-TV.mp4?dl=0\" target=\"_blank\">MOTOR TV Folge 13 (Kabelnetz)<\/a><\/h3>\n<p>&nbsp;<\/p>\n<hr \/>\n<p>&nbsp;<\/p>\n<h3><a href=\"http:\/\/www.waldviertel-rallye.at\/cms\/wp-content\/uploads\/2014\/01\/DROPBOX.png\"><img loading=\"lazy\" decoding=\"async\" class=\"wp-image-4009 alignnone\" src=\"http:\/\/www.waldviertel-rallye.at\/cms\/wp-content\/uploads\/2014\/01\/DROPBOX-1024x347.png\" alt=\"DROPBOX\" width=\"142\" height=\"48\" srcset=\"http:\/\/www.waldviertel-rallye.at\/cms\/wp-content\/uploads\/2014\/01\/DROPBOX-1024x347.png 1024w, http:\/\/www.waldviertel-rallye.at\/cms\/wp-content\/uploads\/2014\/01\/DROPBOX-300x101.png 300w, http:\/\/www.waldviertel-rallye.at\/cms\/wp-content\/uploads\/2014\/01\/DROPBOX-600x203.png 600w, http:\/\/www.waldviertel-rallye.at\/cms\/wp-content\/uploads\/2014\/01\/DROPBOX-250x84.png 250w, http:\/\/www.waldviertel-rallye.at\/cms\/wp-content\/uploads\/2014\/01\/DROPBOX.png 2000w\" sizes=\"(max-width: 142px) 100vw, 142px\" \/><\/a><\/h3>\n<h3><a href=\"https:\/\/www.dropbox.com\/sh\/mx8po3f0wypcw81\/AAB0ibrY8I1-K0Bl__XVq6Tma?dl=0\" target=\"_blank\">Alle TV Berichte 2015 zum download<\/a><\/h3>\n","protected":false},"excerpt":{"rendered":"<p>Mit 2:45 Stunden TV \u00dcbertragungszeiten ohne Widerholungen schaffte die Ralllye Waldviertel einen einmaligen medialen Auftritt f\u00fcr den \u00f6sterreichischen Rallyesport: BERICHT ORF SPORT BILD (5:30) Waldviertel-Rallye-LIVEBERICHT SP 2 (95 min.) KABELNETZ: P3 Kabel TV St. P\u00f6lten MOTOR TV Folge 13 (Kabelnetz) &nbsp; &nbsp; Alle TV Berichte 2015 zum download<\/p>\n","protected":false},"author":1,"featured_media":6401,"comment_status":"closed","ping_status":"closed","sticky":false,"template":"","format":"standard","meta":{"ngg_post_thumbnail":0,"footnotes":""},"categories":[1],"tags":[],"_links":{"self":[{"href":"http:\/\/www.waldviertel-rallye.at\/cms\/wp-json\/wp\/v2\/posts\/6443"}],"collection":[{"href":"http:\/\/www.waldviertel-rallye.at\/cms\/wp-json\/wp\/v2\/posts"}],"about":[{"href":"http:\/\/www.waldviertel-rallye.at\/cms\/wp-json\/wp\/v2\/types\/post"}],"author":[{"embeddable":true,"href":"http:\/\/www.waldviertel-rallye.at\/cms\/wp-json\/wp\/v2\/users\/1"}],"replies":[{"embeddable":true,"href":"http:\/\/www.waldviertel-rallye.at\/cms\/wp-json\/wp\/v2\/comments?post=6443"}],"version-history":[{"count":14,"href":"http:\/\/www.waldviertel-rallye.at\/cms\/wp-json\/wp\/v2\/posts\/6443\/revisions"}],"predecessor-version":[{"id":6506,"href":"http:\/\/www.waldviertel-rallye.at\/cms\/wp-json\/wp\/v2\/posts\/6443\/revisions\/6506"}],"wp:featuredmedia":[{"embeddable":true,"href":"http:\/\/www.waldviertel-rallye.at\/cms\/wp-json\/wp\/v2\/media\/6401"}],"wp:attachment":[{"href":"http:\/\/www.waldviertel-rallye.at\/cms\/wp-json\/wp\/v2\/media?parent=6443"}],"wp:term":[{"taxonomy":"category","embeddable":true,"href":"http:\/\/www.waldviertel-rallye.at\/cms\/wp-json\/wp\/v2\/categories?post=6443"},{"taxonomy":"post_tag","embeddable":true,"href":"http:\/\/www.waldviertel-rallye.at\/cms\/wp-json\/wp\/v2\/tags?post=6443"}],"curies":[{"name":"wp","href":"https:\/\/api.w.org\/{rel}","templated":true}]}}