{"id":2406,"date":"2007-11-11T21:48:17","date_gmt":"2007-11-11T20:48:17","guid":{"rendered":"http:\/\/www.waldviertel-rallye.at\/cms\/?p=2406"},"modified":"2013-04-04T15:46:44","modified_gmt":"2013-04-04T13:46:44","slug":"danke-fur-die-unterstutzung","status":"publish","type":"post","link":"http:\/\/www.waldviertel-rallye.at\/cms\/danke-fur-die-unterstutzung\/","title":{"rendered":"<!--:de-->Danke f\u00fcr die Unterst\u00fctzung<!--:-->"},"content":{"rendered":"<p><!--:de--><\/p>\n<p><b>EIN HERZLICHES DANKESCH\u00d6N<\/b><\/p>\n<p>an alle in der Organisation beteiligten Helfer und Funktion\u00e4re, an alle unterst\u00fctzenden Feuerwehren, Freiwilligen Helfer, Streckentrupps und auch an jeden einzelnen Zuseher der trotz der Wetterkapriolen den Weg in das Waldviertel auf sich genommen hat. Im besonderen geht unser herzlichster Dank nat\u00fcrlich an alle Sponsoren der OMV Rally Waldviertel 2007 und die unterst\u00fctzenden Gemeinden und B\u00fcrgermeister und auch an das Team der Bildungswerkstatt Mold, das uns eine einzigartige Rallyeleitung zur Verf\u00fcgung gestellt hat.<\/p>\n<p>Zum Abschluss geht unser Dank auch an den Hauptsponsor und Namensgeber der Veranstaltung, der OMV, die der Rallye und damit auch der Organisation 4 Jahre ihr Vertrauen geschenkt hat und einen wesentliche Teil zur Weiterentwicklung der Veranstaltung im Waldviertel beigetragen hat. Wir w\u00fcnschen der OMV in den neugew\u00e4hlten Sponsoringbereichen genau so viel Erfolg wie er im Rallyebereich von der OMV erreicht wurde und bedanken uns nochmals f\u00fcr das entgegengebrachte Vertrauen.<\/p>\n<p>Diese Veranstaltung war f\u00fcr alle Beteiligten und auch f\u00fcr die Zuseher durch das extrem schlechte Wetter verursacht eine der schwierigsten Rallyes die im Waldviertel je ausgetragen wurden. Durch den Einsatz der Funktion\u00e4re konnten trotz der wiedrigsten Umst\u00e4nde von 17 geplanten Sonderpr\u00fcfungen 16 Pr\u00fcfungen gefahren werden. Die Absage der SP 4 hat uns schwer getroffen, war aber durch die Blockierung der Strecke an 4 Stellen und Auflaufen des Schlusswagen aus SP 2 an den Blockierungen leider nicht zu verhindern. Jedem an der Organisation Beiteiligtem w\u00e4re es viel viel lieber gewesen auch diese SP fahren zu k\u00f6nnen. <\/p>\n<p>F\u00fcr viele Fans gab es trotz des extrem schlechten Wetters sehr sch\u00f6ne Rallyestunden im Waldviertel, aber sicherlich auch manchmal Ent\u00e4uschungen \u00fcber Dinge die im Nachhinein betrachtet meist durch die Wetterumst\u00e4nde beeinflusst waren. Eines m\u00f6chte ich hier in jedem Fall noch anmerken, wir nehmen gerne jede berechtigte Kritik entgegen sind aber sehr viel gl\u00fccklicher mit konstruktiven Verbesserungsvorschl\u00e4gen.<\/p>\n<p>In diesem Sinne ersuche ich um Unterst\u00fctzung und konstruktives Feedback zur Veranstaltung 2007 und hoffe auch 2008 die Gastfreundschaft des Waldviertels f\u00fcr mein Organisationsteam, die Teilnehmer und Fans der WALDVIERTEL RALLYE in Anspruch nehmen zu d\u00fcrfen.<\/p>\n<p>F\u00fcr den Veranstalter ZV Baden und MSRR Neulengbach<\/p>\n<p><strong>Helmut Sch\u00f6pf<\/strong><br \/><strong>Organisationsleiter<\/strong><\/p>\n<p><!--:--><\/p>\n","protected":false},"excerpt":{"rendered":"<p>EIN HERZLICHES DANKESCH\u00d6N an alle in der Organisation beteiligten Helfer und Funktion\u00e4re, an alle unterst\u00fctzenden Feuerwehren, Freiwilligen Helfer, Streckentrupps und auch an jeden einzelnen Zuseher der trotz der Wetterkapriolen den Weg in das Waldviertel auf sich genommen hat. Im besonderen geht unser herzlichster Dank nat\u00fcrlich an alle Sponsoren der OMV Rally Waldviertel 2007 und die [&hellip;]<\/p>\n","protected":false},"author":1,"featured_media":0,"comment_status":"open","ping_status":"open","sticky":false,"template":"","format":"standard","meta":{"ngg_post_thumbnail":0,"footnotes":""},"categories":[1],"tags":[],"_links":{"self":[{"href":"http:\/\/www.waldviertel-rallye.at\/cms\/wp-json\/wp\/v2\/posts\/2406"}],"collection":[{"href":"http:\/\/www.waldviertel-rallye.at\/cms\/wp-json\/wp\/v2\/posts"}],"about":[{"href":"http:\/\/www.waldviertel-rallye.at\/cms\/wp-json\/wp\/v2\/types\/post"}],"author":[{"embeddable":true,"href":"http:\/\/www.waldviertel-rallye.at\/cms\/wp-json\/wp\/v2\/users\/1"}],"replies":[{"embeddable":true,"href":"http:\/\/www.waldviertel-rallye.at\/cms\/wp-json\/wp\/v2\/comments?post=2406"}],"version-history":[{"count":0,"href":"http:\/\/www.waldviertel-rallye.at\/cms\/wp-json\/wp\/v2\/posts\/2406\/revisions"}],"wp:attachment":[{"href":"http:\/\/www.waldviertel-rallye.at\/cms\/wp-json\/wp\/v2\/media?parent=2406"}],"wp:term":[{"taxonomy":"category","embeddable":true,"href":"http:\/\/www.waldviertel-rallye.at\/cms\/wp-json\/wp\/v2\/categories?post=2406"},{"taxonomy":"post_tag","embeddable":true,"href":"http:\/\/www.waldviertel-rallye.at\/cms\/wp-json\/wp\/v2\/tags?post=2406"}],"curies":[{"name":"wp","href":"https:\/\/api.w.org\/{rel}","templated":true}]}}