{"id":1924,"date":"1990-11-10T18:18:00","date_gmt":"1990-11-10T17:18:00","guid":{"rendered":"http:\/\/www.waldviertel-rallye.at\/cms\/?p=1924"},"modified":"2013-04-10T19:16:06","modified_gmt":"2013-04-10T17:16:06","slug":"presse-archiv-1990","status":"publish","type":"post","link":"http:\/\/www.waldviertel-rallye.at\/cms\/presse-archiv-1990\/","title":{"rendered":"<!--:de-->Presse Archiv 1990<!--:--><!--:en-->Media Archiv 1990<!--:-->"},"content":{"rendered":"<p><!--:de--><\/p>\n<h2>1990<\/h2>\n<p><strong>Sepp Haider machte im Werks-Ope! Kadett GS1 16V wieder einmal einen seiner damals seltenen \u00d6sterreich-Ausflu\u0308ge, diesmal begleitet von Walter R\u00f6hrls legend\u00e4rem Co Christian Geistd\u00f6rfer, <\/strong><\/p>\n<h3><a href=\"http:\/\/www.waldviertel-rallye.at\/cms\/wp-content\/uploads\/1990\/11\/1990_programm-deckblatt.jpg\"><img loading=\"lazy\" decoding=\"async\" class=\"size-medium wp-image-2981 alignright\" alt=\"1990_programm-deckblatt\" src=\"http:\/\/www.waldviertel-rallye.at\/cms\/wp-content\/uploads\/1990\/11\/1990_programm-deckblatt-211x300.jpg\" width=\"175\" height=\"249\" srcset=\"http:\/\/www.waldviertel-rallye.at\/cms\/wp-content\/uploads\/1990\/11\/1990_programm-deckblatt-211x300.jpg 211w, http:\/\/www.waldviertel-rallye.at\/cms\/wp-content\/uploads\/1990\/11\/1990_programm-deckblatt-721x1024.jpg 721w, http:\/\/www.waldviertel-rallye.at\/cms\/wp-content\/uploads\/1990\/11\/1990_programm-deckblatt-250x354.jpg 250w, http:\/\/www.waldviertel-rallye.at\/cms\/wp-content\/uploads\/1990\/11\/1990_programm-deckblatt.jpg 1747w\" sizes=\"(max-width: 175px) 100vw, 175px\" \/><\/a><\/h3>\n<p>und schaffte trotz Verlust des Ru\u0308ckw\u00e4rtsganges seinen ersten und letztendlich einzigen Semperit-Rallye-Erfolg, fast eine Minute vor dem neuen Meister Ernst Harrach auf Lancia. In der Gruppe N siegte Chrisroph Dirtl auf Landa und sicherte sich damit nach einer unfalltr\u00e4chtigen Saison bei Punktegleichheit mit J\u00f6rg Ramsauer den zweiten Titel, der allerdings an einem seidenen Faden hing, denn Ramsauer legte als Drittplazierter gegen den Ford Sierra des Zweitplazierten Kurt G\u00f6ttlicher einen Protest ein: Das Fehlen der serienm\u00e4\u00dfigen Sicherheitsgurte wurde bem\u00e4ngelt. Dazu mu\u00df gesagt werden, da\u00df diese in der Gruppe N damals auch bei Verwendung von Hosentr\u00e4ger-Gurten mitzufu\u0308hren waren. Nach l\u00e4ngerer hektischer Suche konnte man den langen Postler in einem Wirtshaus auftreiben und ihm vom Protest berichten, aber der reagierte ganz cool: &#8222;Schaut&#8217;s im Kofferraum nach, da sind die Schlu\u0308sseL&#8220; Richtig und dort lagen sie ja, die Seriengurte. Ramsauer konnte in den folgenden zwei Jahren nie wieder richtig Fu\u00df fassen und beendete<br \/>bald seine Karriere.<\/p>\n<p>&nbsp;<\/p>\n<hr \/>\n<p>&nbsp;<\/p>\n<h3><span style=\"text-decoration: underline;\"><a href=\"http:\/\/www.waldviertel-rallye.at\/cms\/wp-content\/uploads\/2013\/03\/1990_03.jpg\"><img loading=\"lazy\" decoding=\"async\" class=\"alignleft size-medium wp-image-1871\" alt=\"1990_03\" src=\"http:\/\/www.waldviertel-rallye.at\/cms\/wp-content\/uploads\/2013\/03\/1990_03-200x300.jpg\" width=\"200\" height=\"300\" srcset=\"http:\/\/www.waldviertel-rallye.at\/cms\/wp-content\/uploads\/2013\/03\/1990_03-200x300.jpg 200w, http:\/\/www.waldviertel-rallye.at\/cms\/wp-content\/uploads\/2013\/03\/1990_03-682x1024.jpg 682w, http:\/\/www.waldviertel-rallye.at\/cms\/wp-content\/uploads\/2013\/03\/1990_03-250x375.jpg 250w, http:\/\/www.waldviertel-rallye.at\/cms\/wp-content\/uploads\/2013\/03\/1990_03.jpg 1168w\" sizes=\"(max-width: 200px) 100vw, 200px\" \/><\/a><\/span><\/h3>\n<p>&nbsp;<\/p>\n<p><b>Strecke<\/b><\/p>\n<p>18 Sonderpr\u00fcfungen 201,15 km<\/p>\n<p>Eberharts 8,89 km<\/p>\n<p>Waidhofen 19,86 km<\/p>\n<p>Hollenbach 8,52 km<\/p>\n<p>Niederedlitz 10,57 km<\/p>\n<p>Rappolz 13,85 km<\/p>\n<p>Waldkirchen 5,36 km<\/p>\n<p>6 Sonderpr\u00fcfungen wurden je 3mal befahren.<\/p>\n<p>&nbsp;<\/p>\n<p>&nbsp;<\/p>\n<p><b>Top-Ten:<\/b><br \/>1. Sepp Haider \/ Ch. Geistd\u00f6rfer (D), Opel Kadett<br \/>2. Ernst Harrach \/ J\u00f6rg Pattermann, Lancia Delta<br \/>3. Georg Fischer \/ Thomas Zeltner, Audi 200<br \/>4. Sewi Hopfer \/ Otto Sch\u00f6nlechner, Ford Sierra<br \/>5. Raphael Sperrer \/ Bernhard Mann, VW Golf<br \/>6. Wilfried Wiedner \/ S. Eichhorner, Peugect 405<br \/>7. Christoph Dirtl \/ Peter Unterauer, Lancia Delta<br \/>8. Fritz Riegler \/ Ott Zwanzigleitner, Lancia Delta<br \/>9. Kurt G\u00f6ttlicher \/ Christian B\u00f6hm, Ford Sierra<br \/>10. J\u00f6rg Ramsauer \/ Siegfried Schwarz, Lancia<\/p>\n<p><b><\/b><\/p>\n<p><b>ZEITPLAN:<\/b><br \/>Freitag:<br \/>Start 1. Fahrzeug 13:00<br \/>Ziel 1. Fahrzeug 19:30<\/p>\n<p>Samstag:<br \/>Start 1. Fahrzeug 10:00<br \/>Ziel 1. Fahrzeug 15:15<\/p>\n<p>1990: Die Semperit z\u00e4hlt zur EM Koeff 2 und \u00d6M. Veranstaltet wird die Jubil\u00e4umsveranstaltung vom \u00d6sterreichischen Rallyeclub und dem \u00d6AMTC-ZV Baden. <\/p>\n<p><strong>DOWNLOAD:<\/strong><\/p>\n<p><a href=\"http:\/\/www.waldviertel-rallye.at\/cms\/wp-content\/uploads\/2013\/03\/pdf.png\"><img loading=\"lazy\" decoding=\"async\" class=\"alignleft  wp-image-1161\" alt=\"pdf\" src=\"http:\/\/www.waldviertel-rallye.at\/cms\/wp-content\/uploads\/2013\/03\/pdf.png\" width=\"179\" height=\"179\" srcset=\"http:\/\/www.waldviertel-rallye.at\/cms\/wp-content\/uploads\/2013\/03\/pdf.png 256w, http:\/\/www.waldviertel-rallye.at\/cms\/wp-content\/uploads\/2013\/03\/pdf-150x150.png 150w, http:\/\/www.waldviertel-rallye.at\/cms\/wp-content\/uploads\/2013\/03\/pdf-250x250.png 250w, http:\/\/www.waldviertel-rallye.at\/cms\/wp-content\/uploads\/2013\/03\/pdf-36x36.png 36w, http:\/\/www.waldviertel-rallye.at\/cms\/wp-content\/uploads\/2013\/03\/pdf-90x90.png 90w, http:\/\/www.waldviertel-rallye.at\/cms\/wp-content\/uploads\/2013\/03\/pdf-32x32.png 32w\" sizes=\"(max-width: 179px) 100vw, 179px\" \/><\/a><a href=\"http:\/\/www.waldviertel-rallye.at\/cms\/wp-content\/uploads\/1990\/11\/1990_infomappe.pdf\" class=\"mtli_attachment mtli_pdf\">1990_infomappe<\/a><\/p>\n<p><a href=\"http:\/\/www.waldviertel-rallye.at\/cms\/wp-content\/uploads\/1990\/11\/1990_karte.pdf\" class=\"mtli_attachment mtli_pdf\">1990_karte<\/a><\/p>\n<p><a href=\"http:\/\/www.waldviertel-rallye.at\/cms\/wp-content\/uploads\/1990\/11\/1990_programm-deckblatt.pdf\" class=\"mtli_attachment mtli_pdf\">1990_programm-deckblatt<\/a><\/p>\n<p><a href=\"http:\/\/www.waldviertel-rallye.at\/cms\/wp-content\/uploads\/1990\/11\/1991_nennliste-1.pdf\" class=\"mtli_attachment mtli_pdf\">1991_nennliste-1<\/a><\/p>\n<p><a href=\"http:\/\/www.waldviertel-rallye.at\/cms\/wp-content\/uploads\/1990\/11\/1991_nennliste-2.pdf\" class=\"mtli_attachment mtli_pdf\">1991_nennliste-2<\/a><\/p>\n<p><a href=\"http:\/\/www.waldviertel-rallye.at\/cms\/wp-content\/uploads\/1990\/11\/1991_nennliste-3.pdf\" class=\"mtli_attachment mtli_pdf\">1991_nennliste-3<\/a><\/p>\n<p><a href=\"http:\/\/www.waldviertel-rallye.at\/cms\/wp-content\/uploads\/1990\/11\/1991_nennliste-4.pdf\" class=\"mtli_attachment mtli_pdf\">1991_nennliste-4<\/a><\/p>\n<p><a href=\"http:\/\/www.waldviertel-rallye.at\/cms\/wp-content\/uploads\/1990\/11\/1991_nennliste-5.pdf\" class=\"mtli_attachment mtli_pdf\">1991_nennliste-5<\/a><\/p>\n<p>&nbsp;<\/p>\n<p>&nbsp;<\/p>\n<hr \/>\n<p>&nbsp;<\/p>\n<p><!--:--><\/p>\n","protected":false},"excerpt":{"rendered":"<p>1990 Sepp Haider machte im Werks-Ope! Kadett GS1 16V wieder einmal einen seiner damals seltenen \u00d6sterreich-Ausflu\u0308ge, diesmal begleitet von Walter R\u00f6hrls legend\u00e4rem Co Christian Geistd\u00f6rfer, und schaffte trotz Verlust des Ru\u0308ckw\u00e4rtsganges seinen ersten und letztendlich einzigen Semperit-Rallye-Erfolg, fast eine Minute vor dem neuen Meister Ernst Harrach auf Lancia. In der Gruppe N siegte Chrisroph Dirtl [&hellip;]<\/p>\n","protected":false},"author":1,"featured_media":0,"comment_status":"open","ping_status":"open","sticky":false,"template":"","format":"standard","meta":{"ngg_post_thumbnail":0,"footnotes":""},"categories":[37,15],"tags":[],"_links":{"self":[{"href":"http:\/\/www.waldviertel-rallye.at\/cms\/wp-json\/wp\/v2\/posts\/1924"}],"collection":[{"href":"http:\/\/www.waldviertel-rallye.at\/cms\/wp-json\/wp\/v2\/posts"}],"about":[{"href":"http:\/\/www.waldviertel-rallye.at\/cms\/wp-json\/wp\/v2\/types\/post"}],"author":[{"embeddable":true,"href":"http:\/\/www.waldviertel-rallye.at\/cms\/wp-json\/wp\/v2\/users\/1"}],"replies":[{"embeddable":true,"href":"http:\/\/www.waldviertel-rallye.at\/cms\/wp-json\/wp\/v2\/comments?post=1924"}],"version-history":[{"count":0,"href":"http:\/\/www.waldviertel-rallye.at\/cms\/wp-json\/wp\/v2\/posts\/1924\/revisions"}],"wp:attachment":[{"href":"http:\/\/www.waldviertel-rallye.at\/cms\/wp-json\/wp\/v2\/media?parent=1924"}],"wp:term":[{"taxonomy":"category","embeddable":true,"href":"http:\/\/www.waldviertel-rallye.at\/cms\/wp-json\/wp\/v2\/categories?post=1924"},{"taxonomy":"post_tag","embeddable":true,"href":"http:\/\/www.waldviertel-rallye.at\/cms\/wp-json\/wp\/v2\/tags?post=1924"}],"curies":[{"name":"wp","href":"https:\/\/api.w.org\/{rel}","templated":true}]}}