{"id":1683,"date":"2003-11-15T10:37:56","date_gmt":"2003-11-15T09:37:56","guid":{"rendered":"http:\/\/www.waldviertel-rallye.at\/cms\/?p=1683"},"modified":"2017-12-21T18:02:49","modified_gmt":"2017-12-21T17:02:49","slug":"presse-archiv-2003","status":"publish","type":"post","link":"http:\/\/www.waldviertel-rallye.at\/cms\/presse-archiv-2003\/","title":{"rendered":"<!--:de-->Presse Archiv 2003<!--:--><!--:en-->Media Archiv 2003<!--:-->"},"content":{"rendered":"<p><!--:de--><\/p>\n<p align=\"center\"><a href=\"http:\/\/www.waldviertel-rallye.at\/cms\/wp-content\/uploads\/2013\/03\/2003-Waldviertel-Mitsubishi-Baumschlager-21001.jpg\"><img loading=\"lazy\" decoding=\"async\" class=\"alignleft size-medium wp-image-1882\" src=\"http:\/\/www.waldviertel-rallye.at\/cms\/wp-content\/uploads\/2013\/03\/2003-Waldviertel-Mitsubishi-Baumschlager-21001-300x200.jpg\" alt=\"2003 Waldviertel Mitsubishi Baumschlager 21001\" width=\"300\" height=\"200\" srcset=\"http:\/\/www.waldviertel-rallye.at\/cms\/wp-content\/uploads\/2013\/03\/2003-Waldviertel-Mitsubishi-Baumschlager-21001-300x200.jpg 300w, http:\/\/www.waldviertel-rallye.at\/cms\/wp-content\/uploads\/2013\/03\/2003-Waldviertel-Mitsubishi-Baumschlager-21001-1024x682.jpg 1024w, http:\/\/www.waldviertel-rallye.at\/cms\/wp-content\/uploads\/2013\/03\/2003-Waldviertel-Mitsubishi-Baumschlager-21001-250x166.jpg 250w, http:\/\/www.waldviertel-rallye.at\/cms\/wp-content\/uploads\/2013\/03\/2003-Waldviertel-Mitsubishi-Baumschlager-21001.jpg 1752w\" sizes=\"(max-width: 300px) 100vw, 300px\" \/><\/a><\/p>\n<p style=\"text-align: left;\" align=\"center\"><b>Waldviertel-Rallye in Horn, tolle Premiere f\u00fcr Fahrer u. Organisation<\/b><\/p>\n<p style=\"text-align: left;\" align=\"center\"><b>Baumschlager gewinnt letzten Lauf der T-Mobile Meisterschaft klar vor Hideg<\/b><\/p>\n<p style=\"text-align: left;\" align=\"center\"><b>Trotz schlechter Witterung am ersten Tag ein w\u00fcrdiger Saisonabschluss<\/b><\/p>\n<p style=\"text-align: left;\">&nbsp;<\/p>\n<p style=\"text-align: left;\">Mehr als 20 Jahre wurde dieser Rallye-Klassiker im n\u00f6rdlichen Waldviertel, im Raum Waidhofen\/Thaya, ausgetragen. Organisationsleiter Helmut Sch\u00f6pf musste aus wirtschaftlichen Gr\u00fcnden dieser Rallye eine neue Plattform geben. Er wechselte mit der Veranstaltung etwas s\u00fcdlicher in den Raum Horn und fand neben einer tollen Ambiente auch 11 Gemeinden, die diese Veranstaltung in jeder Hinsicht voll unterst\u00fctzt haben.<\/p>\n<h3>&nbsp;<\/h3>\n<h3><strong>Die Geschichte hinter der Geschichte&#8230;&nbsp; <\/strong><\/h3>\n<p><strong>2003 Rallye Waldviertel \u201eNeu\u201c <\/strong><\/p>\n<p>2002 konnte man also nur mehr abhaken, es musste richtig was geschehen denn der Veranstalterclub nahm kein finanzielles Risiko und die Einnahmen aus der Sponsorenseite waren auch nicht rosig. Mein Urlaubsgeld inkl. Urlaub und vieles weitere ging auch noch drauf um das Minus zu verkleinern&#8230; &nbsp;<\/p>\n<p>Mein Gedanke den Nordring in Fuglau als Zuseherpr\u00fcfung mit einzubeziehen und Eintritt zu verlangen war dann die richtige \u00dcberlebensstrategie die zwar bei den Zusehern nicht oder noch immer nicht richtig gut angekommen ist aber eben notwendig war.&nbsp; H\u00e4tte ich diese M\u00f6glichkeit nicht genutzt w\u00e4re das Ende der Rallye bereits 2003 sicher gewesen.<\/p>\n<p>Mit den B\u00fcrgermeistern der neuen Region wurden einzelne Termine vereinbart und meine wertvollste St\u00fctze bei der \u00dcbersiedung der Rallye war Ernst Hauer der sein ganzes Herzblut in die Sache legte. Ohne dessen Unterst\u00fctzung w\u00e4re aus der neuen Rallye Region, da bin ich mir sicher, auch niemals etwas geworden. Wochenlang fuhren Ernst und ich in der Gegend umher um Strecken zu finden die Rallye geeignet waren, die Verpflanzung hatte ich mir damals auch etwas einfacher vorgestellt. Alleine im Februar 2003 hatte ich dann \u00fcber 4000 km in der \u201eneuen\u201c Rallyegegend am Tacho. Unendlich viele Besprechungen mit Ernst Hauer \u00fcber die verschiedenen Strecken und M\u00f6glichkeiten und ich glaub 30 Varianten an Zeitpl\u00e4nen f\u00fcllten das ganze Fr\u00fchjahr aus.<\/p>\n<p>Bei einer B\u00fcrgermeisterbesprechung in Rastenfeld stellte ich das Projekt dann gemeinsam mit Ernst vor. Mit Interesse Skepsis und auch ein wenig Vorfreude wurde diese Vorstellung dann sehr unterschiedlich von den beteiligten B\u00fcrgermeistern aufgenommen, der gr\u00f6\u00dfte Gegner der Rallye in der Region sollte sich nach dieser Vorstellung wieder erwarten zum gr\u00f6\u00dften Bef\u00fcrworter der Rallye Waldviertel wandeln. Andreas Aschauer, der B\u00fcgermeister von Sankt Leonhard am Hornerwald der eigentlich am skeptischsten war erkannte schnell das Potential der Veranstaltung und unterst\u00fctze uns besonders beim Einstieg und das sollte auch in seiner gesamten Amtszeit so bleiben. Die Sache RALLYE WALDVIERTEL NEU&nbsp; konnte also starten und mit ein paar \u201ealten\u201c Raabser Strecken aufgepeppt ging es dann 2003 auf 16 Sonderpr\u00fcfungen zur Sache. Sieger wurde Raimund Baumschlager und finanziell konnten wir auch ein St\u00fcck der roten Zahlen abarbeiten. 70 Starter international und 17 Starter im Anschlussfeld \u201enational\u201c am Samstag waren f\u00fcr eine \u201eErstlingsveranstaltung\u201c doch sehr zufriedenstellend.<\/p>\n<p>&nbsp;<\/p>\n<p><span style=\"text-decoration: underline;\"><strong>Presseaussendungen 2003:<\/strong> <\/span><\/p>\n<table cellspacing=\"1\" border=\"0\">\n<tbody>\n<tr>\n<td valign=\"middle\" align=\"left\"><a href=\"http:\/\/www.waldviertel-rallye.at\/cms\/wp-content\/uploads\/2013\/03\/Word_2013_Icon.png\"><img loading=\"lazy\" decoding=\"async\" src=\"http:\/\/www.waldviertel-rallye.at\/cms\/wp-content\/uploads\/2013\/03\/Word_2013_Icon.png\" alt=\"Word_2013_Icon\" width=\"50\" height=\"50\"\/><\/a><\/td>\n<td valign=\"middle\" align=\"left\"><a href=\"http:\/\/www.waldviertel-rallye.at\/cms\/wp-content\/uploads\/2013\/03\/2003-PR-01.doc\" class=\"mtli_attachment mtli_doc\">2003 PR 01<\/a><\/td>\n<td valign=\"middle\" align=\"left\"><a href=\"http:\/\/www.waldviertel-rallye.at\/cms\/wp-content\/uploads\/2013\/03\/2003-PR-02.doc\" class=\"mtli_attachment mtli_doc\">2003 PR 02<\/a><\/td>\n<\/tr>\n<tr>\n<td valign=\"middle\" align=\"left\"><a href=\"http:\/\/www.waldviertel-rallye.at\/cms\/wp-content\/uploads\/2013\/03\/Word_2013_Icon.png\"><img loading=\"lazy\" decoding=\"async\" src=\"http:\/\/www.waldviertel-rallye.at\/cms\/wp-content\/uploads\/2013\/03\/Word_2013_Icon.png\" alt=\"Word_2013_Icon\" width=\"50\" height=\"50\"\/><\/a><\/td>\n<td valign=\"middle\" align=\"left\"><a href=\"http:\/\/www.waldviertel-rallye.at\/cms\/wp-content\/uploads\/2013\/03\/2003-PR-03.doc\" class=\"mtli_attachment mtli_doc\">2003 PR 03<\/a><\/td>\n<td valign=\"middle\" align=\"left\"><a href=\"http:\/\/www.waldviertel-rallye.at\/cms\/wp-content\/uploads\/2013\/03\/2003-PR-04.doc\" class=\"mtli_attachment mtli_doc\">2003 PR 04<\/a><\/td>\n<\/tr>\n<tr>\n<td valign=\"middle\" align=\"left\"><a href=\"http:\/\/www.waldviertel-rallye.at\/cms\/wp-content\/uploads\/2013\/03\/Word_2013_Icon.png\"><img loading=\"lazy\" decoding=\"async\" src=\"http:\/\/www.waldviertel-rallye.at\/cms\/wp-content\/uploads\/2013\/03\/Word_2013_Icon.png\" alt=\"Word_2013_Icon\" width=\"50\" height=\"50\"\/><\/a><\/td>\n<td valign=\"middle\" align=\"left\"><a href=\"http:\/\/www.waldviertel-rallye.at\/cms\/wp-content\/uploads\/2013\/03\/2003-PR-05.doc\" class=\"mtli_attachment mtli_doc\">2003 PR 05<\/a><\/td>\n<td valign=\"middle\" align=\"left\"><a href=\"http:\/\/www.waldviertel-rallye.at\/cms\/wp-content\/uploads\/2013\/03\/2003-PR-06.doc\" class=\"mtli_attachment mtli_doc\">2003 PR 06<\/a><\/td>\n<\/tr>\n<tr>\n<td valign=\"middle\" align=\"left\"><a href=\"http:\/\/www.waldviertel-rallye.at\/cms\/wp-content\/uploads\/2013\/03\/Word_2013_Icon.png\"><img loading=\"lazy\" decoding=\"async\" src=\"http:\/\/www.waldviertel-rallye.at\/cms\/wp-content\/uploads\/2013\/03\/Word_2013_Icon.png\" alt=\"Word_2013_Icon\" width=\"50\" height=\"50\"\/><\/a><\/td>\n<td valign=\"middle\" align=\"left\"><a href=\"http:\/\/www.waldviertel-rallye.at\/cms\/wp-content\/uploads\/2013\/03\/2003-PR-07.doc\" class=\"mtli_attachment mtli_doc\">2003 PR 07<\/a><\/td>\n<td valign=\"middle\" align=\"left\"><a href=\"http:\/\/www.waldviertel-rallye.at\/cms\/wp-content\/uploads\/2013\/03\/2003-PR-08.doc\" class=\"mtli_attachment mtli_doc\">2003 PR 08<\/a><\/td>\n<\/tr>\n<tr>\n<td valign=\"middle\" align=\"left\"><a href=\"http:\/\/www.waldviertel-rallye.at\/cms\/wp-content\/uploads\/2013\/03\/Word_2013_Icon.png\"><img loading=\"lazy\" decoding=\"async\" src=\"http:\/\/www.waldviertel-rallye.at\/cms\/wp-content\/uploads\/2013\/03\/Word_2013_Icon.png\" alt=\"Word_2013_Icon\" width=\"50\" height=\"50\"\/><\/a><\/td>\n<td valign=\"middle\" align=\"left\"><a href=\"http:\/\/www.waldviertel-rallye.at\/cms\/wp-content\/uploads\/2013\/03\/2003-PR-09.doc\" class=\"mtli_attachment mtli_doc\">2003 PR 09<\/a><\/td>\n<td valign=\"middle\" align=\"left\"><a href=\"http:\/\/www.waldviertel-rallye.at\/cms\/wp-content\/uploads\/2013\/03\/2003-PR-10.doc\" class=\"mtli_attachment mtli_doc\">2003 PR 10<\/a><\/td>\n<\/tr>\n<tr>\n<td valign=\"middle\" align=\"left\"><a href=\"http:\/\/www.waldviertel-rallye.at\/cms\/wp-content\/uploads\/2013\/03\/Word_2013_Icon.png\"><img loading=\"lazy\" decoding=\"async\" src=\"http:\/\/www.waldviertel-rallye.at\/cms\/wp-content\/uploads\/2013\/03\/Word_2013_Icon.png\" alt=\"Word_2013_Icon\" width=\"50\" height=\"50\"\/><\/a><\/td>\n<td valign=\"middle\" align=\"left\"><a href=\"http:\/\/www.waldviertel-rallye.at\/cms\/wp-content\/uploads\/2013\/03\/2003-PR-11.doc\" class=\"mtli_attachment mtli_doc\">2003 PR 11<\/a><\/td>\n<td valign=\"middle\" align=\"left\"><a href=\"http:\/\/www.waldviertel-rallye.at\/cms\/wp-content\/uploads\/2013\/03\/2003-PR-12.doc\" class=\"mtli_attachment mtli_doc\">2003 PR 12<\/a><\/td>\n<\/tr>\n<tr>\n<td valign=\"middle\" align=\"left\"><a href=\"http:\/\/www.waldviertel-rallye.at\/cms\/wp-content\/uploads\/2013\/03\/Word_2013_Icon.png\"><img loading=\"lazy\" decoding=\"async\" src=\"http:\/\/www.waldviertel-rallye.at\/cms\/wp-content\/uploads\/2013\/03\/Word_2013_Icon.png\" alt=\"Word_2013_Icon\" width=\"50\" height=\"50\"\/><\/a><\/td>\n<td valign=\"middle\" align=\"left\"><a href=\"http:\/\/www.waldviertel-rallye.at\/cms\/wp-content\/uploads\/2013\/03\/2003-PR-13.doc\" class=\"mtli_attachment mtli_doc\">2003 PR 13<\/a><\/td>\n<td valign=\"middle\" align=\"left\"><a href=\"http:\/\/www.waldviertel-rallye.at\/cms\/wp-content\/uploads\/2013\/03\/2003-PR-14.doc\" class=\"mtli_attachment mtli_doc\">2003 PR 14<\/a><\/td>\n<\/tr>\n<tr>\n<td valign=\"middle\" align=\"left\"><a href=\"http:\/\/www.waldviertel-rallye.at\/cms\/wp-content\/uploads\/2013\/03\/Word_2013_Icon.png\"><img loading=\"lazy\" decoding=\"async\" src=\"http:\/\/www.waldviertel-rallye.at\/cms\/wp-content\/uploads\/2013\/03\/Word_2013_Icon.png\" alt=\"Word_2013_Icon\" width=\"50\" height=\"50\"\/><\/a><\/td>\n<td valign=\"middle\" align=\"left\"><a href=\"http:\/\/www.waldviertel-rallye.at\/cms\/wp-content\/uploads\/2013\/03\/2003-PR-15.doc\" class=\"mtli_attachment mtli_doc\">2003 PR 15<\/a><\/td>\n<td valign=\"middle\" align=\"left\"><a href=\"http:\/\/www.waldviertel-rallye.at\/cms\/wp-content\/uploads\/2013\/03\/2003-PR-16.doc\" class=\"mtli_attachment mtli_doc\">2003 PR 16<\/a><\/td>\n<\/tr>\n<tr>\n<td valign=\"middle\" align=\"left\"><a href=\"http:\/\/www.waldviertel-rallye.at\/cms\/wp-content\/uploads\/2013\/03\/Word_2013_Icon.png\"><img loading=\"lazy\" decoding=\"async\" src=\"http:\/\/www.waldviertel-rallye.at\/cms\/wp-content\/uploads\/2013\/03\/Word_2013_Icon.png\" alt=\"Word_2013_Icon\" width=\"50\" height=\"50\"\/><\/a><\/td>\n<td colspan=\"2\" valign=\"middle\" align=\"left\"><a href=\"http:\/\/www.waldviertel-rallye.at\/cms\/wp-content\/uploads\/2013\/03\/2003-Pressemappe.doc\" class=\"mtli_attachment mtli_doc\"><strong>2003 Pressemappe \/ Media Information<\/strong><br \/>\n<\/a><\/td>\n<\/tr>\n<\/tbody>\n<\/table>\n<p><!--:--><\/p>\n","protected":false},"excerpt":{"rendered":"<p>Waldviertel-Rallye in Horn, tolle Premiere f\u00fcr Fahrer u. Organisation Baumschlager gewinnt letzten Lauf der T-Mobile Meisterschaft klar vor Hideg Trotz schlechter Witterung am ersten Tag ein w\u00fcrdiger Saisonabschluss &nbsp; Mehr als 20 Jahre wurde dieser Rallye-Klassiker im n\u00f6rdlichen Waldviertel, im Raum Waidhofen\/Thaya, ausgetragen. Organisationsleiter Helmut Sch\u00f6pf musste aus wirtschaftlichen Gr\u00fcnden dieser Rallye eine neue Plattform [&hellip;]<\/p>\n","protected":false},"author":1,"featured_media":0,"comment_status":"open","ping_status":"open","sticky":false,"template":"","format":"standard","meta":{"ngg_post_thumbnail":0,"footnotes":""},"categories":[37,15],"tags":[],"_links":{"self":[{"href":"http:\/\/www.waldviertel-rallye.at\/cms\/wp-json\/wp\/v2\/posts\/1683"}],"collection":[{"href":"http:\/\/www.waldviertel-rallye.at\/cms\/wp-json\/wp\/v2\/posts"}],"about":[{"href":"http:\/\/www.waldviertel-rallye.at\/cms\/wp-json\/wp\/v2\/types\/post"}],"author":[{"embeddable":true,"href":"http:\/\/www.waldviertel-rallye.at\/cms\/wp-json\/wp\/v2\/users\/1"}],"replies":[{"embeddable":true,"href":"http:\/\/www.waldviertel-rallye.at\/cms\/wp-json\/wp\/v2\/comments?post=1683"}],"version-history":[{"count":2,"href":"http:\/\/www.waldviertel-rallye.at\/cms\/wp-json\/wp\/v2\/posts\/1683\/revisions"}],"predecessor-version":[{"id":7921,"href":"http:\/\/www.waldviertel-rallye.at\/cms\/wp-json\/wp\/v2\/posts\/1683\/revisions\/7921"}],"wp:attachment":[{"href":"http:\/\/www.waldviertel-rallye.at\/cms\/wp-json\/wp\/v2\/media?parent=1683"}],"wp:term":[{"taxonomy":"category","embeddable":true,"href":"http:\/\/www.waldviertel-rallye.at\/cms\/wp-json\/wp\/v2\/categories?post=1683"},{"taxonomy":"post_tag","embeddable":true,"href":"http:\/\/www.waldviertel-rallye.at\/cms\/wp-json\/wp\/v2\/tags?post=1683"}],"curies":[{"name":"wp","href":"https:\/\/api.w.org\/{rel}","templated":true}]}}