{"id":1642,"date":"2012-11-01T10:04:18","date_gmt":"2012-11-01T09:04:18","guid":{"rendered":"http:\/\/www.waldviertel-rallye.at\/cms\/?p=1642"},"modified":"2013-04-13T19:43:00","modified_gmt":"2013-04-13T17:43:00","slug":"presse-archiv-2012","status":"publish","type":"post","link":"http:\/\/www.waldviertel-rallye.at\/cms\/presse-archiv-2012\/","title":{"rendered":"<!--:de-->Presse Archiv 2012<!--:--><!--:en-->Media Archiv 2012<!--:-->"},"content":{"rendered":"<p><!--:de--><\/p>\n<p align=\"center\"><a href=\"http:\/\/www.waldviertel-rallye.at\/cms\/wp-content\/uploads\/2013\/03\/2012-plakat-web.jpg\"><img loading=\"lazy\" decoding=\"async\" class=\"alignleft  wp-image-1806\" alt=\"2012-plakat-web\" src=\"http:\/\/www.waldviertel-rallye.at\/cms\/wp-content\/uploads\/2013\/03\/2012-plakat-web-214x300.jpg\" width=\"150\" height=\"197\" \/><\/a><\/p>\n<p style=\"text-align: left;\" align=\"center\"><b>Ein w\u00fcrdiger Saisonausklang<\/b><\/p>\n<p style=\"text-align: left;\" align=\"center\"><b>\u00a0<\/b><\/p>\n<p style=\"text-align: left;\"><b>Raimund Baumschlager sicherte sich den Sieg bei der 32. Waldviertel-Rallye<\/b><\/p>\n<p style=\"text-align: left;\">Max Zellhofer ist 2WD-Meister \/ Klemens Haingartner feiert den Titel in der Division III \/ Zahlreiche Ausf\u00e4lle bei schwierigen Bedingungen.<\/p>\n<p>&nbsp;<\/p>\n<p>&nbsp;<\/p>\n<p><strong><\/strong><span style=\"text-decoration: underline;\"><strong>Presseaussendungen 2012:<\/strong> <\/span><\/p>\n<table border=\"0\" cellspacing=\"1\">\n<tbody>\n<tr>\n<td align=\"left\" valign=\"middle\">\n<address><a href=\"http:\/\/www.waldviertel-rallye.at\/cms\/wp-content\/uploads\/2013\/03\/2012_PR011.doc\" class=\"mtli_attachment mtli_doc\">2012_PR01 Rallye Waldviertel mit rundum verbesserter Struktur <\/a><\/address>\n<address><a href=\"http:\/\/www.waldviertel-rallye.at\/cms\/wp-content\/uploads\/2013\/03\/2012_PR021.doc\" class=\"mtli_attachment mtli_doc\">2012_PR02 Rallye-Endspurt mit internationalem Flair<\/a><\/address>\n<\/td>\n<\/tr>\n<tr>\n<td align=\"left\" valign=\"middle\">\n<address><a href=\"http:\/\/www.waldviertel-rallye.at\/cms\/wp-content\/uploads\/2013\/03\/2012_PR031.doc\" class=\"mtli_attachment mtli_doc\">2012_PR03 Rallye Waldviertel 2012 mit vielen neuen Streckenabschnitten<\/a><\/address>\n<address><a href=\"http:\/\/www.waldviertel-rallye.at\/cms\/wp-content\/uploads\/2013\/03\/2012_PR041.doc\" class=\"mtli_attachment mtli_doc\">2012_PR04 Die Rallye Waldviertel 2012 lockt die Piloten mit einem Mini-Marathon<\/a><\/address>\n<\/td>\n<\/tr>\n<tr>\n<td align=\"left\" valign=\"middle\">\n<address><a href=\"http:\/\/www.waldviertel-rallye.at\/cms\/wp-content\/uploads\/2013\/03\/2012_PR051.doc\" class=\"mtli_attachment mtli_doc\">2012_PR05 Rallye Waldviertel baut auch auf touristische Highlights<\/a><\/address>\n<address><a href=\"http:\/\/www.waldviertel-rallye.at\/cms\/wp-content\/uploads\/2013\/03\/2012_PR061.doc\" class=\"mtli_attachment mtli_doc\">2012_PR06 Die Rallye der Entscheidung<\/a><\/address>\n<\/td>\n<\/tr>\n<tr>\n<td align=\"left\" valign=\"middle\">\n<address><a href=\"http:\/\/www.waldviertel-rallye.at\/cms\/wp-content\/uploads\/2013\/03\/2012_PR071.doc\" class=\"mtli_attachment mtli_doc\">2012_PR07 Gefahr f\u00fcr die rotwei\u00dfroten Sieganw\u00e4rter<\/a><\/address>\n<address><a href=\"http:\/\/www.waldviertel-rallye.at\/cms\/wp-content\/uploads\/2013\/03\/2012_PR081.doc\" class=\"mtli_attachment mtli_doc\">2012_PR08 Sogar der Winter will dabei sein<\/a><\/address>\n<\/td>\n<\/tr>\n<tr>\n<td align=\"left\" valign=\"middle\">\n<address><a href=\"http:\/\/www.waldviertel-rallye.at\/cms\/wp-content\/uploads\/2013\/03\/2012_PR091.doc\" class=\"mtli_attachment mtli_doc\">2012_PR09 Rallyefinale im Waldviertel mit einigen Unbekannten beginnt<\/a><\/address>\n<address><a href=\"http:\/\/www.waldviertel-rallye.at\/cms\/wp-content\/uploads\/2013\/03\/2012_PR101.doc\" class=\"mtli_attachment mtli_doc\">2012_PR10 Der Meister liegt voran<\/a><\/address>\n<\/td>\n<\/tr>\n<tr>\n<td align=\"left\" valign=\"middle\">\n<address><a href=\"http:\/\/www.waldviertel-rallye.at\/cms\/wp-content\/uploads\/2013\/03\/2012_PR111.doc\" class=\"mtli_attachment mtli_doc\">2012_PR11 Der Meister f\u00fchrt, der Ex \u00fcberlegt Ausstieg<\/a><\/address>\n<address><a href=\"http:\/\/www.waldviertel-rallye.at\/cms\/wp-content\/uploads\/2013\/03\/2012_PR121.doc\" class=\"mtli_attachment mtli_doc\">2012_PR12 Im Regen bl\u00fcht der Meister auf<\/a><\/address>\n<\/td>\n<\/tr>\n<tr>\n<td align=\"left\" valign=\"middle\">\n<address><a href=\"http:\/\/www.waldviertel-rallye.at\/cms\/wp-content\/uploads\/2013\/03\/2012_PR13_korr1.doc\" class=\"mtli_attachment mtli_doc\">2012_PR13 Ein w\u00fcrdiger Saisonausklang (Schlussbericht Korrektur)<\/a><\/address>\n<\/td>\n<\/tr>\n<\/tbody>\n<\/table>\n<p style=\"text-align: center;\">\u00a0<\/p>\n<p style=\"text-align: center;\"><strong><a href=\"http:\/\/results.waldviertelrallye.com\/2012\/results\/index.htm\" target=\"_blank\">ONLINE RESULTATE 2012<\/a><br \/> <\/strong><\/p>\n<p style=\"text-align: center;\">\u00a0<\/p>\n<p><a href=\"http:\/\/archiv.print-gruppe.com\/ausgabe.php?id=21711\"><img loading=\"lazy\" decoding=\"async\" class=\"alignleft size-medium wp-image-3134\" alt=\"Flash\" src=\"http:\/\/www.waldviertel-rallye.at\/cms\/wp-content\/uploads\/2012\/11\/2012_Programm-Deckblatt-222x300.jpg\" width=\"134\" height=\"181\" srcset=\"http:\/\/www.waldviertel-rallye.at\/cms\/wp-content\/uploads\/2012\/11\/2012_Programm-Deckblatt-222x300.jpg 222w, http:\/\/www.waldviertel-rallye.at\/cms\/wp-content\/uploads\/2012\/11\/2012_Programm-Deckblatt-250x337.jpg 250w, http:\/\/www.waldviertel-rallye.at\/cms\/wp-content\/uploads\/2012\/11\/2012_Programm-Deckblatt.jpg 500w\" sizes=\"(max-width: 134px) 100vw, 134px\" \/><\/a><\/p>\n<p><strong>Das Rallye Magazin der Bezirksbl\u00e4tter zum nachlesen<\/strong><\/p>\n<p><a href=\"http:\/\/archiv.print-gruppe.com\/ausgabe.php?id=21711\" target=\"_blank\">http:\/\/archiv.print-gruppe.com\/ausgabe.php?id=21711<\/a><\/p>\n<p><!--:--><\/p>\n","protected":false},"excerpt":{"rendered":"<p>Ein w\u00fcrdiger Saisonausklang \u00a0 Raimund Baumschlager sicherte sich den Sieg bei der 32. Waldviertel-Rallye Max Zellhofer ist 2WD-Meister \/ Klemens Haingartner feiert den Titel in der Division III \/ Zahlreiche Ausf\u00e4lle bei schwierigen Bedingungen. &nbsp; &nbsp; Presseaussendungen 2012: 2012_PR01 Rallye Waldviertel mit rundum verbesserter Struktur 2012_PR02 Rallye-Endspurt mit internationalem Flair 2012_PR03 Rallye Waldviertel 2012 mit [&hellip;]<\/p>\n","protected":false},"author":1,"featured_media":0,"comment_status":"open","ping_status":"open","sticky":false,"template":"","format":"standard","meta":{"ngg_post_thumbnail":0,"footnotes":""},"categories":[37,15],"tags":[],"_links":{"self":[{"href":"http:\/\/www.waldviertel-rallye.at\/cms\/wp-json\/wp\/v2\/posts\/1642"}],"collection":[{"href":"http:\/\/www.waldviertel-rallye.at\/cms\/wp-json\/wp\/v2\/posts"}],"about":[{"href":"http:\/\/www.waldviertel-rallye.at\/cms\/wp-json\/wp\/v2\/types\/post"}],"author":[{"embeddable":true,"href":"http:\/\/www.waldviertel-rallye.at\/cms\/wp-json\/wp\/v2\/users\/1"}],"replies":[{"embeddable":true,"href":"http:\/\/www.waldviertel-rallye.at\/cms\/wp-json\/wp\/v2\/comments?post=1642"}],"version-history":[{"count":0,"href":"http:\/\/www.waldviertel-rallye.at\/cms\/wp-json\/wp\/v2\/posts\/1642\/revisions"}],"wp:attachment":[{"href":"http:\/\/www.waldviertel-rallye.at\/cms\/wp-json\/wp\/v2\/media?parent=1642"}],"wp:term":[{"taxonomy":"category","embeddable":true,"href":"http:\/\/www.waldviertel-rallye.at\/cms\/wp-json\/wp\/v2\/categories?post=1642"},{"taxonomy":"post_tag","embeddable":true,"href":"http:\/\/www.waldviertel-rallye.at\/cms\/wp-json\/wp\/v2\/tags?post=1642"}],"curies":[{"name":"wp","href":"https:\/\/api.w.org\/{rel}","templated":true}]}}